{"id":1308,"date":"2025-02-20T07:25:22","date_gmt":"2025-02-20T11:25:22","guid":{"rendered":"https:\/\/jms.com.bo\/mediamonitorbo\/2025\/02\/20\/ganaderos-advierten-con-acciones-legales-contra-autoridades-del-gobierno\/"},"modified":"2025-02-20T07:25:22","modified_gmt":"2025-02-20T11:25:22","slug":"ganaderos-advierten-con-acciones-legales-contra-autoridades-del-gobierno","status":"publish","type":"post","link":"https:\/\/jms.com.bo\/mediamonitorbo\/2025\/02\/20\/ganaderos-advierten-con-acciones-legales-contra-autoridades-del-gobierno\/","title":{"rendered":"Ganaderos advierten con acciones legales contra autoridades del Gobierno"},"content":{"rendered":"<p>Luego de que el Gobierno advirtiera con procesos legales y sancionatorios contra los productores por el alza de precios en la carne de res, la Federaci\u00f3n de Ganaderos de Santa Cruz (Fegasacruz) respondi\u00f3 que actuar\u00e1 de la misma manera y que se defender\u00e1 en las instituciones correspondientes.<br \/>\n\u201cEn el momento que intenten encarcelar, como lo ha dicho un viceministro, a un productor, pues las instituciones van a estar para defenderlo y si es necesario m\u00e1s bien hacer acciones penales contra estos funcionarios que creen que porque tienen un micr\u00f3fono pueden decir tanta cosa\u201d, advirti\u00f3 Walter Ruiz, presidente de Fegasacruz.<br \/>\nAcciones legales<br \/>\nEl martes, el viceministro de Defensa de los Derechos del Usuario y del Consumidor, Jorge Silva, advirti\u00f3 con denunciar y activar procesos penales contra los ganaderos si \u00e9stos no presentan su hoja de costos y justifican t\u00e9cnicamente el incremento del precio de la carne de res.<br \/>\nLa autoridad insiste en que son los productores los causantes del incremento del producto para el consumidor final, ya que los acusa de haber encarecido el precio del ganado vivo.<br \/>\nRuiz no se refiri\u00f3 a este punto, pero indic\u00f3 que la oferta de animales vivos para los centros de remate aument\u00f3 en un 20% en lo que va de gesti\u00f3n en comparaci\u00f3n con 2024.<br \/>\nEl dirigente cuestion\u00f3 las declaraciones de Silva y de otras autoridades, como el viceministro de Desarrollo Agropecuario, \u00c1lvaro Mollinedo, y dijo que no pueden estar \u201camedrentando\u201d a los sectores por el cargo que ocupan.<br \/>\n\u201cEl derecho de tener un micr\u00f3fono no significa que podamos estar amedrentando a un sector productivo que demuestra que est\u00e1 haciendo la tarea\u201d, protest\u00f3 Ruiz.<br \/>\nSeg\u00fan el presidente de Fegasacruz, como productores nunca dejaron de cumplir con los acuerdos y siempre priorizaron el abastecimiento en el mercado interno, por lo que considera que el origen del alza de la carne est\u00e1 relacionado con otros factores, como el contrabando.<\/p>\n","protected":false},"excerpt":{"rendered":"<p>Luego de que el Gobierno advirtiera con procesos legales y sancionatorios contra los productores por el alza de precios en la carne de res, la Federaci\u00f3n de Ganaderos de Santa Cruz (Fegasacruz) respondi\u00f3 que actuar\u00e1 de la misma manera y que se defender\u00e1 en las instituciones correspondientes. \u201cEn el momento que intenten encarcelar, como lo [&hellip;]<\/p>\n","protected":false},"author":1,"featured_media":1309,"comment_status":"","ping_status":"open","sticky":false,"template":"","format":"standard","meta":{"pagelayer_contact_templates":[],"_pagelayer_content":"","footnotes":""},"categories":[26],"tags":[],"class_list":{"0":"post-1308","1":"post","2":"type-post","3":"status-publish","4":"format-standard","5":"has-post-thumbnail","7":"category-alimentos-y-agroindustria"},"_links":{"self":[{"href":"https:\/\/jms.com.bo\/mediamonitorbo\/wp-json\/wp\/v2\/posts\/1308","targetHints":{"allow":["GET"]}}],"collection":[{"href":"https:\/\/jms.com.bo\/mediamonitorbo\/wp-json\/wp\/v2\/posts"}],"about":[{"href":"https:\/\/jms.com.bo\/mediamonitorbo\/wp-json\/wp\/v2\/types\/post"}],"author":[{"embeddable":true,"href":"https:\/\/jms.com.bo\/mediamonitorbo\/wp-json\/wp\/v2\/users\/1"}],"replies":[{"embeddable":true,"href":"https:\/\/jms.com.bo\/mediamonitorbo\/wp-json\/wp\/v2\/comments?post=1308"}],"version-history":[{"count":0,"href":"https:\/\/jms.com.bo\/mediamonitorbo\/wp-json\/wp\/v2\/posts\/1308\/revisions"}],"wp:featuredmedia":[{"embeddable":true,"href":"https:\/\/jms.com.bo\/mediamonitorbo\/wp-json\/wp\/v2\/media\/1309"}],"wp:attachment":[{"href":"https:\/\/jms.com.bo\/mediamonitorbo\/wp-json\/wp\/v2\/media?parent=1308"}],"wp:term":[{"taxonomy":"category","embeddable":true,"href":"https:\/\/jms.com.bo\/mediamonitorbo\/wp-json\/wp\/v2\/categories?post=1308"},{"taxonomy":"post_tag","embeddable":true,"href":"https:\/\/jms.com.bo\/mediamonitorbo\/wp-json\/wp\/v2\/tags?post=1308"}],"curies":[{"name":"wp","href":"https:\/\/api.w.org\/{rel}","templated":true}]}}