{"id":1316,"date":"2025-02-19T07:20:48","date_gmt":"2025-02-19T11:20:48","guid":{"rendered":"https:\/\/jms.com.bo\/mediamonitorbo\/2025\/02\/19\/inyectan-us-29-millones-en-proyectos-de-transporte-y-distribucion-de-redes-de-gas-en-favor-de-oruro\/"},"modified":"2025-02-19T07:20:48","modified_gmt":"2025-02-19T11:20:48","slug":"inyectan-us-29-millones-en-proyectos-de-transporte-y-distribucion-de-redes-de-gas-en-favor-de-oruro","status":"publish","type":"post","link":"https:\/\/jms.com.bo\/mediamonitorbo\/2025\/02\/19\/inyectan-us-29-millones-en-proyectos-de-transporte-y-distribucion-de-redes-de-gas-en-favor-de-oruro\/","title":{"rendered":"Inyectan $us 29 millones en proyectos de transporte y distribuci\u00f3n de redes de gas en favor de Oruro"},"content":{"rendered":"<p>El Gobierno nacional inyect\u00f3 $us 29 millones en proyectos de transporte y distribuci\u00f3n de redes de gas natural y almacenaje en favor del departamento de Oruro, inform\u00f3 este martes el presidente Luis Arce.<br \/>\n\u201c(En Oruro) respecto a la cadena productiva hidrocarbur\u00edfera, hemos invertido hasta el momento alrededor de $us 29 millones, orientados principalmente a proyectos de transporte, distribuci\u00f3n de redes de gas natural y almacenaje en favor del departamento\u201d, public\u00f3 el jefe de Estado en sus redes sociales.<br \/>\nExplic\u00f3 que, dentro de la pol\u00edtica para el cambio de la matriz energ\u00e9tica, se realizan alrededor de 2.500 conversiones a Gas Natural Vehicular (GNV), se desarrollan 14.000 instalaciones de gas domiciliario y se suministr\u00f3 cerca de 6.000 toneladas m\u00e9tricas (TM) de Gas Natural Licuado (GNL) a las Estaciones Satelitales de Regasificaci\u00f3n.<br \/>\n\u201cEstamos construyendo un nuevo Oruro que se proyecta como un pilar de la agroindustria, la manufactura y la innovaci\u00f3n (\u2026).\u00a1En su mes aniversario, felicidades Oruro!\u201d, expres\u00f3 el mandatario.<br \/>\nEste mes, Oruro celebra 244 a\u00f1os de su revoluci\u00f3n contra la opresi\u00f3n colonial que fue encabezada por Sebasti\u00e1n Pagador y otros patriotas. Fue en la entonces Villa Real de San Felipe de Austria donde se produjo uno de los primeros gritos libertarios de Am\u00e9rica Latina, continuando con las rebeliones contra la corona espa\u00f1ola.<\/p>\n","protected":false},"excerpt":{"rendered":"<p>El Gobierno nacional inyect\u00f3 $us 29 millones en proyectos de transporte y distribuci\u00f3n de redes de gas natural y almacenaje en favor del departamento de Oruro, inform\u00f3 este martes el presidente Luis Arce. \u201c(En Oruro) respecto a la cadena productiva hidrocarbur\u00edfera, hemos invertido hasta el momento alrededor de $us 29 millones, orientados principalmente a proyectos [&hellip;]<\/p>\n","protected":false},"author":1,"featured_media":1317,"comment_status":"","ping_status":"open","sticky":false,"template":"","format":"standard","meta":{"pagelayer_contact_templates":[],"_pagelayer_content":"","footnotes":""},"categories":[23,17],"tags":[],"class_list":{"0":"post-1316","1":"post","2":"type-post","3":"status-publish","4":"format-standard","5":"has-post-thumbnail","7":"category-bolivia","8":"category-oil-gas"},"_links":{"self":[{"href":"https:\/\/jms.com.bo\/mediamonitorbo\/wp-json\/wp\/v2\/posts\/1316","targetHints":{"allow":["GET"]}}],"collection":[{"href":"https:\/\/jms.com.bo\/mediamonitorbo\/wp-json\/wp\/v2\/posts"}],"about":[{"href":"https:\/\/jms.com.bo\/mediamonitorbo\/wp-json\/wp\/v2\/types\/post"}],"author":[{"embeddable":true,"href":"https:\/\/jms.com.bo\/mediamonitorbo\/wp-json\/wp\/v2\/users\/1"}],"replies":[{"embeddable":true,"href":"https:\/\/jms.com.bo\/mediamonitorbo\/wp-json\/wp\/v2\/comments?post=1316"}],"version-history":[{"count":0,"href":"https:\/\/jms.com.bo\/mediamonitorbo\/wp-json\/wp\/v2\/posts\/1316\/revisions"}],"wp:featuredmedia":[{"embeddable":true,"href":"https:\/\/jms.com.bo\/mediamonitorbo\/wp-json\/wp\/v2\/media\/1317"}],"wp:attachment":[{"href":"https:\/\/jms.com.bo\/mediamonitorbo\/wp-json\/wp\/v2\/media?parent=1316"}],"wp:term":[{"taxonomy":"category","embeddable":true,"href":"https:\/\/jms.com.bo\/mediamonitorbo\/wp-json\/wp\/v2\/categories?post=1316"},{"taxonomy":"post_tag","embeddable":true,"href":"https:\/\/jms.com.bo\/mediamonitorbo\/wp-json\/wp\/v2\/tags?post=1316"}],"curies":[{"name":"wp","href":"https:\/\/api.w.org\/{rel}","templated":true}]}}