{"id":1320,"date":"2025-02-19T07:16:04","date_gmt":"2025-02-19T11:16:04","guid":{"rendered":"https:\/\/jms.com.bo\/mediamonitorbo\/2025\/02\/19\/preven-entrega-de-la-planta-solar-fotovoltaica-de-uyuni-en-abril\/"},"modified":"2025-02-19T07:16:04","modified_gmt":"2025-02-19T11:16:04","slug":"preven-entrega-de-la-planta-solar-fotovoltaica-de-uyuni-en-abril","status":"publish","type":"post","link":"https:\/\/jms.com.bo\/mediamonitorbo\/2025\/02\/19\/preven-entrega-de-la-planta-solar-fotovoltaica-de-uyuni-en-abril\/","title":{"rendered":"Prev\u00e9n entrega de la Planta Solar Fotovoltaica de Uyuni en abril"},"content":{"rendered":"<p>El gerente general de Ende Guaracachi S.A., Rodrigo Corrales, inform\u00f3 este martes que se prev\u00e9 la entrega de la Planta Solar Fotovoltaica de Uyuni para abril pr\u00f3ximo.<br \/>\n\u201cEstamos previendo que la finalizaci\u00f3n de esta planta se d\u00e9 a mediados del mes de abril y, seguramente, estaremos dando buenas noticias de su conclusi\u00f3n\u201d, anunci\u00f3 en entrevista con Btv.<br \/>\nIndic\u00f3 que la planta tendr\u00e1 beneficios para el medio ambiente, entre ellos el dejar de utilizar combustible f\u00f3sil para la generaci\u00f3n de electricidad.<br \/>\nAsimismo, dijo que el lugar donde se posiciona la planta tiene una ventaja favorecedora, por t\u00e9rminos de radiaci\u00f3n del sol que ayuda a la generaci\u00f3n de energ\u00eda a trav\u00e9s de los paneles fotovoltaicos.<br \/>\nCorrales indic\u00f3 que el proyecto ubicado en la provincia Antonio Quijarro, en el municipio de Uyuni, tiene el compromiso a nivel internacional de la reducci\u00f3n de gas de efecto invernadero y que actualmente la planta est\u00e1 en construcci\u00f3n para la instalaci\u00f3n los paneles solares.<br \/>\n\u201cComenzamos con el proyecto fase uno, con una planta de 60 megavatios, aproximadamente; hoy por hoy, estamos ampliando la planta hacia un total de 2,5 megavatios, esto surge a trav\u00e9s del impulso que est\u00e1 dando nuestro Estado, a la cabeza de nuestro presidente Luis Arce, para obtener energ\u00eda limpia migrando la matriz energ\u00e9tica hacia una transici\u00f3n energ\u00e9tica amigable con el medio ambiente y renovable\u201d, asever\u00f3.<br \/>\nRemarc\u00f3 que la planta tendr\u00e1 varios beneficios y uno de los m\u00e1s importantes es dejar de utilizar combustible f\u00f3sil para la generaci\u00f3n de electricidad y as\u00ed potenciar la Planta Solar en un total de 62,5 megavatios (MW) en sus dos fases.<br \/>\nAdem\u00e1s de favorecer a todos los usuarios que se encuentran conectados en los departamentos de Bolivia y la reducci\u00f3n de emisi\u00f3n de di\u00f3xido de carbono.<br \/>\n\u201cLa energ\u00eda fotovoltaica es una energ\u00eda renovable, es algo que obtenemos del sol, no genera ruido, no genera esa contaminaci\u00f3n ac\u00fastica que es molesta en algunas otras plantas, tampoco genera afluentes o desperdicios. Es bastante amigable con el medio ambiente y sobre todo nos va a permitir que dejemos de utilizar gas natural en la generaci\u00f3n de electricidad\u201d, resalt\u00f3.<br \/>\nCorrales enfatiz\u00f3 que estas medidas ayudar\u00e1n a un mejor futuro para las pr\u00f3ximas generaciones, con un ambiente menos contaminado y aminorar los efectos del calentamiento global.<br \/>\n\u201cEn realidad, es el fututo, el mundo a trav\u00e9s en otros pa\u00edses a trav\u00e9s de compa\u00f1\u00edas est\u00e1n empezando a especializarse en lo que es el uso de electricidad para veh\u00edculos el\u00e9ctricos, el uso de electricidad en cocinas, es un cambio que se est\u00e1 dando a nivel mundial y que necesariamente Bolivia, esa tecnolog\u00eda, va a llegar, y nosotros debemos estar preparados para poder utilizarla y aplicarla\u201d, expres\u00f3.<\/p>\n","protected":false},"excerpt":{"rendered":"<p>El gerente general de Ende Guaracachi S.A., Rodrigo Corrales, inform\u00f3 este martes que se prev\u00e9 la entrega de la Planta Solar Fotovoltaica de Uyuni para abril pr\u00f3ximo. \u201cEstamos previendo que la finalizaci\u00f3n de esta planta se d\u00e9 a mediados del mes de abril y, seguramente, estaremos dando buenas noticias de su conclusi\u00f3n\u201d, anunci\u00f3 en entrevista [&hellip;]<\/p>\n","protected":false},"author":1,"featured_media":1321,"comment_status":"","ping_status":"open","sticky":false,"template":"","format":"standard","meta":{"pagelayer_contact_templates":[],"_pagelayer_content":"","footnotes":""},"categories":[18,28,24],"tags":[],"class_list":{"0":"post-1320","1":"post","2":"type-post","3":"status-publish","4":"format-standard","5":"has-post-thumbnail","7":"category-energia","8":"category-portada-energia","9":"category-portada-general-sitio"},"_links":{"self":[{"href":"https:\/\/jms.com.bo\/mediamonitorbo\/wp-json\/wp\/v2\/posts\/1320","targetHints":{"allow":["GET"]}}],"collection":[{"href":"https:\/\/jms.com.bo\/mediamonitorbo\/wp-json\/wp\/v2\/posts"}],"about":[{"href":"https:\/\/jms.com.bo\/mediamonitorbo\/wp-json\/wp\/v2\/types\/post"}],"author":[{"embeddable":true,"href":"https:\/\/jms.com.bo\/mediamonitorbo\/wp-json\/wp\/v2\/users\/1"}],"replies":[{"embeddable":true,"href":"https:\/\/jms.com.bo\/mediamonitorbo\/wp-json\/wp\/v2\/comments?post=1320"}],"version-history":[{"count":0,"href":"https:\/\/jms.com.bo\/mediamonitorbo\/wp-json\/wp\/v2\/posts\/1320\/revisions"}],"wp:featuredmedia":[{"embeddable":true,"href":"https:\/\/jms.com.bo\/mediamonitorbo\/wp-json\/wp\/v2\/media\/1321"}],"wp:attachment":[{"href":"https:\/\/jms.com.bo\/mediamonitorbo\/wp-json\/wp\/v2\/media?parent=1320"}],"wp:term":[{"taxonomy":"category","embeddable":true,"href":"https:\/\/jms.com.bo\/mediamonitorbo\/wp-json\/wp\/v2\/categories?post=1320"},{"taxonomy":"post_tag","embeddable":true,"href":"https:\/\/jms.com.bo\/mediamonitorbo\/wp-json\/wp\/v2\/tags?post=1320"}],"curies":[{"name":"wp","href":"https:\/\/api.w.org\/{rel}","templated":true}]}}