{"id":134,"date":"2025-01-31T07:26:13","date_gmt":"2025-01-31T11:26:13","guid":{"rendered":"https:\/\/jms.com.bo\/mediamonitorbo\/2025\/01\/31\/las-opciones-de-abastecimiento-de-gas-natural-de-ecuador\/"},"modified":"2025-01-31T07:26:13","modified_gmt":"2025-01-31T11:26:13","slug":"las-opciones-de-abastecimiento-de-gas-natural-de-ecuador","status":"publish","type":"post","link":"https:\/\/jms.com.bo\/mediamonitorbo\/2025\/01\/31\/las-opciones-de-abastecimiento-de-gas-natural-de-ecuador\/","title":{"rendered":"Las opciones de abastecimiento de gas natural de Ecuador"},"content":{"rendered":"<p>La demanda de gas natural en Ecuador llegar\u00e1 a 451 millones de pies c\u00fabicos diarios (Mpc\/d) en 2030, frente a los 69 Mpc\/d previstos para este a\u00f1o, seg\u00fan pron\u00f3sticos del Ministerio de Energ\u00eda.<br \/>\nLa cartera indic\u00f3 que este salto obedecer\u00e1 a la sustituci\u00f3n del di\u00e9sel por gas en las centrales el\u00e9ctricas y en el sector industrial.<br \/>\nEl consumo actual de gas proviene principalmente de la central de 230 MW Termogas Machala. La planta de la el\u00e9ctrica estatal Celec consume 19,1 Mpc\/d, aunque necesita 60 Mpc\/d para operar a plena capacidad.<br \/>\nLa producci\u00f3n nacional de gas proviene del campo marino Amistad (bloque 6), que opera la compa\u00f1\u00eda nacional Petroecuador.<br \/>\nAmistad report\u00f3 una producci\u00f3n promedio de 20 Mpc\/d, pero el gobierno planea ofrecer un contrato de participaci\u00f3n por 24 a\u00f1os para aumentarla a 88 Mpc\/d tras invertirse un capital estimado en US$ 1.200 millones.<br \/>\nCelec contempla adem\u00e1s aumentar la capacidad en Termogas Machala y reemplazar di\u00e9sel y combust\u00f3leo en las termoel\u00e9ctricas \u00c1lvaro Tinajero y Enrique Garc\u00eda.<br \/>\nAnte este panorama, las autoridades del sector buscan alternativas que ayuden a garantizar el suministro de gas.<br \/>\nUna opci\u00f3n contempla conectar Amistad con el campo marino peruano Albacora, en la frontera con Ecuador, a trav\u00e9s de un ducto de 19,7 km para transportar 40 Mpc\/d.<br \/>\nLas otras alternativas utilizar\u00edan unidades flotantes de regasificaci\u00f3n y almacenamiento en Puerto Bol\u00edvar, Punta Arenas o Amistad. Las dos primeras se conectar\u00edan a Termogas Machala a trav\u00e9s de ductos de 23,4 km y 34,5 km, respectivamente.<\/p>\n","protected":false},"excerpt":{"rendered":"<p>La demanda de gas natural en Ecuador llegar\u00e1 a 451 millones de pies c\u00fabicos diarios (Mpc\/d) en 2030, frente a los 69 Mpc\/d previstos para este a\u00f1o, seg\u00fan pron\u00f3sticos del Ministerio de Energ\u00eda. La cartera indic\u00f3 que este salto obedecer\u00e1 a la sustituci\u00f3n del di\u00e9sel por gas en las centrales el\u00e9ctricas y en el sector [&hellip;]<\/p>\n","protected":false},"author":1,"featured_media":135,"comment_status":"","ping_status":"open","sticky":false,"template":"","format":"standard","meta":{"pagelayer_contact_templates":[],"_pagelayer_content":"","footnotes":""},"categories":[17,27],"tags":[],"class_list":{"0":"post-134","1":"post","2":"type-post","3":"status-publish","4":"format-standard","5":"has-post-thumbnail","7":"category-oil-gas","8":"category-sudamerica"},"_links":{"self":[{"href":"https:\/\/jms.com.bo\/mediamonitorbo\/wp-json\/wp\/v2\/posts\/134","targetHints":{"allow":["GET"]}}],"collection":[{"href":"https:\/\/jms.com.bo\/mediamonitorbo\/wp-json\/wp\/v2\/posts"}],"about":[{"href":"https:\/\/jms.com.bo\/mediamonitorbo\/wp-json\/wp\/v2\/types\/post"}],"author":[{"embeddable":true,"href":"https:\/\/jms.com.bo\/mediamonitorbo\/wp-json\/wp\/v2\/users\/1"}],"replies":[{"embeddable":true,"href":"https:\/\/jms.com.bo\/mediamonitorbo\/wp-json\/wp\/v2\/comments?post=134"}],"version-history":[{"count":0,"href":"https:\/\/jms.com.bo\/mediamonitorbo\/wp-json\/wp\/v2\/posts\/134\/revisions"}],"wp:featuredmedia":[{"embeddable":true,"href":"https:\/\/jms.com.bo\/mediamonitorbo\/wp-json\/wp\/v2\/media\/135"}],"wp:attachment":[{"href":"https:\/\/jms.com.bo\/mediamonitorbo\/wp-json\/wp\/v2\/media?parent=134"}],"wp:term":[{"taxonomy":"category","embeddable":true,"href":"https:\/\/jms.com.bo\/mediamonitorbo\/wp-json\/wp\/v2\/categories?post=134"},{"taxonomy":"post_tag","embeddable":true,"href":"https:\/\/jms.com.bo\/mediamonitorbo\/wp-json\/wp\/v2\/tags?post=134"}],"curies":[{"name":"wp","href":"https:\/\/api.w.org\/{rel}","templated":true}]}}