{"id":138,"date":"2025-01-31T07:18:21","date_gmt":"2025-01-31T11:18:21","guid":{"rendered":"https:\/\/jms.com.bo\/mediamonitorbo\/2025\/01\/31\/un-informe-analiza-el-potencial-de-la-energia-eolica-terrestre-de-la-union-europea-y-de-los-paises-vecinos\/"},"modified":"2025-01-31T07:18:21","modified_gmt":"2025-01-31T11:18:21","slug":"un-informe-analiza-el-potencial-de-la-energia-eolica-terrestre-de-la-union-europea-y-de-los-paises-vecinos","status":"publish","type":"post","link":"https:\/\/jms.com.bo\/mediamonitorbo\/2025\/01\/31\/un-informe-analiza-el-potencial-de-la-energia-eolica-terrestre-de-la-union-europea-y-de-los-paises-vecinos\/","title":{"rendered":"Un informe analiza el potencial de la energ\u00eda e\u00f3lica terrestre de la Uni\u00f3n Europea y de los pa\u00edses vecinos"},"content":{"rendered":"<p>El Centro Com\u00fan de Investigaci\u00f3n (JRC, Joint Research Centre) de la Comisi\u00f3n Europea ha publicado un informe que analiza el potencial de energ\u00eda e\u00f3lica terrestre econ\u00f3micamente viable de Europa con una alta resoluci\u00f3n geogr\u00e1fica (el conjunto de datos Enspreso 2 del JRC). El informe destaca que, en algunos escenarios, la capacidad instalable y la generaci\u00f3n anual de electricidad son aproximadamente el doble de las estimadas anteriormente.<br \/>\nEl informe titulado \u2018El potencial e\u00f3lico terrestre de la UE y pa\u00edses vecinos\u2018 actualiza el potencial de energ\u00edas renovables de los sistemas energ\u00e9ticos. Los datos del documento proporcionan informaci\u00f3n espacialmente expl\u00edcita sobre la capacidad e\u00f3lica instalable en cada celda de la red con una resoluci\u00f3n de un km2. Esto se complementa con estimaciones de la generaci\u00f3n el\u00e9ctrica anual si se instalara dicha capacidad.<br \/>\nEl modelo Enspreso 2 para energ\u00eda e\u00f3lica terrestre se gener\u00f3 mediante un ejercicio detallado de modelado geogr\u00e1fico que utiliz\u00f3 nuevos conjuntos de datos que estuvieron disponibles en la \u00faltima d\u00e9cada. El modelo tambi\u00e9n utiliza supuestos de parametrizaci\u00f3n actualizados que reflejan los recientes avances t\u00e9cnicos y metodol\u00f3gicos en la industria e\u00f3lica.<br \/>\nImpacto de las regulaciones en el potencial de energ\u00eda e\u00f3lica<br \/>\nEl an\u00e1lisis tambi\u00e9n ha puesto a prueba el impacto que tienen las regulaciones sobre distancias de retroceso en el potencial disponible mediante el uso de cuatro escenarios, siendo 500 m el enfoque menos restrictivo y 2.000 m el m\u00e1s conservador. Los resultados muestran que las distancias de retroceso estrictas conducen a una reducci\u00f3n dr\u00e1stica del potencial e\u00f3lico.<br \/>\nPara el escenario de 500 m se estima una capacidad instalable de aproximadamente 8.100 GW, con una generaci\u00f3n anual de electricidad asociada de 22.500 TWh. Estas cifras se reducen a 4.150 GW\/10.800 TWh y 1.600 GW\/3.900 TWh para los escenarios de 1.000 m y 2.000 m, respectivamente. Esto muestra que las decisiones administrativas y pol\u00edticas sobre las distancias de retroceso tienen consecuencias significativas para el potencial de energ\u00eda e\u00f3lica terrestre de Europa.<br \/>\nDistribuci\u00f3n desigual en t\u00e9rminos geogr\u00e1ficos<br \/>\nEn general, los resultados de Enspreso 2 muestran que el potencial e\u00f3lico terrestre econ\u00f3micamente viable es aproximadamente el doble de lo estimado por el estudio original Enspreso en 2018. Esto indica que la energ\u00eda e\u00f3lica terrestre puede desempe\u00f1ar un papel mucho m\u00e1s importante en la descarbonizaci\u00f3n del sistema energ\u00e9tico europeo de lo que se pensaba anteriormente.<br \/>\nLos resultados de Enspreso 2, con una alta resoluci\u00f3n espacial, muestran que el potencial e\u00f3lico terrestre econ\u00f3micamente viable se distribuye de manera desigual en t\u00e9rminos geogr\u00e1ficos. Esto es una funci\u00f3n de una combinaci\u00f3n de factores, como el recurso e\u00f3lico, las estructuras de asentamiento y los tipos de cobertura del suelo.<br \/>\nPor \u00faltimo, los datos de Enspreso 2 proporcionan a los responsables de las pol\u00edticas y a los planificadores energ\u00e9ticos informaci\u00f3n actualizada sobre esta distribuci\u00f3n y permitir\u00e1n una toma de decisiones m\u00e1s informada desde el punto de vista espacial.<\/p>\n","protected":false},"excerpt":{"rendered":"<p>El Centro Com\u00fan de Investigaci\u00f3n (JRC, Joint Research Centre) de la Comisi\u00f3n Europea ha publicado un informe que analiza el potencial de energ\u00eda e\u00f3lica terrestre econ\u00f3micamente viable de Europa con una alta resoluci\u00f3n geogr\u00e1fica (el conjunto de datos Enspreso 2 del JRC). El informe destaca que, en algunos escenarios, la capacidad instalable y la generaci\u00f3n [&hellip;]<\/p>\n","protected":false},"author":1,"featured_media":139,"comment_status":"","ping_status":"open","sticky":false,"template":"","format":"standard","meta":{"pagelayer_contact_templates":[],"_pagelayer_content":"","footnotes":""},"categories":[18],"tags":[],"class_list":{"0":"post-138","1":"post","2":"type-post","3":"status-publish","4":"format-standard","5":"has-post-thumbnail","7":"category-energia"},"_links":{"self":[{"href":"https:\/\/jms.com.bo\/mediamonitorbo\/wp-json\/wp\/v2\/posts\/138","targetHints":{"allow":["GET"]}}],"collection":[{"href":"https:\/\/jms.com.bo\/mediamonitorbo\/wp-json\/wp\/v2\/posts"}],"about":[{"href":"https:\/\/jms.com.bo\/mediamonitorbo\/wp-json\/wp\/v2\/types\/post"}],"author":[{"embeddable":true,"href":"https:\/\/jms.com.bo\/mediamonitorbo\/wp-json\/wp\/v2\/users\/1"}],"replies":[{"embeddable":true,"href":"https:\/\/jms.com.bo\/mediamonitorbo\/wp-json\/wp\/v2\/comments?post=138"}],"version-history":[{"count":0,"href":"https:\/\/jms.com.bo\/mediamonitorbo\/wp-json\/wp\/v2\/posts\/138\/revisions"}],"wp:featuredmedia":[{"embeddable":true,"href":"https:\/\/jms.com.bo\/mediamonitorbo\/wp-json\/wp\/v2\/media\/139"}],"wp:attachment":[{"href":"https:\/\/jms.com.bo\/mediamonitorbo\/wp-json\/wp\/v2\/media?parent=138"}],"wp:term":[{"taxonomy":"category","embeddable":true,"href":"https:\/\/jms.com.bo\/mediamonitorbo\/wp-json\/wp\/v2\/categories?post=138"},{"taxonomy":"post_tag","embeddable":true,"href":"https:\/\/jms.com.bo\/mediamonitorbo\/wp-json\/wp\/v2\/tags?post=138"}],"curies":[{"name":"wp","href":"https:\/\/api.w.org\/{rel}","templated":true}]}}