{"id":1390,"date":"2025-02-18T07:59:06","date_gmt":"2025-02-18T11:59:06","guid":{"rendered":"https:\/\/jms.com.bo\/mediamonitorbo\/2025\/02\/18\/comunarios-de-yapacani-anuncian-bloqueo-de-la-carretera-santa-cruz-cochabamba\/"},"modified":"2025-02-18T07:59:06","modified_gmt":"2025-02-18T11:59:06","slug":"comunarios-de-yapacani-anuncian-bloqueo-de-la-carretera-santa-cruz-cochabamba","status":"publish","type":"post","link":"https:\/\/jms.com.bo\/mediamonitorbo\/2025\/02\/18\/comunarios-de-yapacani-anuncian-bloqueo-de-la-carretera-santa-cruz-cochabamba\/","title":{"rendered":"Comunarios de Yapacan\u00ed anuncian bloqueo de la carretera Santa Cruz \u2013 Cochabamba"},"content":{"rendered":"<p>Al menos 11 comunidades del municipio de Yapacan\u00ed, provincia cruce\u00f1a de Ichilo, anunciaron que instalar\u00e1n un punto de bloqueo en la carretera que une los departamentos de Santa Cruz y Cochabamba. Exigen a la Gobernaci\u00f3n cruce\u00f1a que ejecute un proyecto de electrificaci\u00f3n que se viene postergando desde 2022.<br \/>\nSeg\u00fan el comunicado de los pobladores de Yapacan\u00ed, el gobernador Mario Joaqu\u00edn Aguilera se hab\u00eda comprometido a acelerar el proyecto de electrificaci\u00f3n que va a beneficiar a 11 comunidades, pero hasta la fecha no ha cumplido.<br \/>\nAnte este incumplimiento, los pobladores de la Faja Central de Yapacan\u00ed y del Norte Integrado anunciaron que bloquearon la nueva carretera a Cochabamba este martes 18 de febrero.<br \/>\nSus demandas son las siguientes:<br \/>\n1. Exigir al Gobernador del Departamento de Santa Cruz el cumplimiento inmediato de los compromisos asumidos en este proyecte el\u00e9ctrico, especialmente la ejecuci\u00f3n de Bs 6.764.100, presupuesto que ya estaba con nombre y apellido de las Comunidades para su ejecuci\u00f3n, mismo que beneficiara a nuestras 11 comunidades, y Centrales (que se viene postergando desde la gesti\u00f3n 2022).<br \/>\n2. Solicitar la ejecuci\u00f3n de los recursos econ\u00f3micos necesarios para la ejecuci\u00f3n en su integridad del proyecto mencionado, de 6.764.100,00 de bolivianos. en beneficio de nuestras 11 comunidades y centrales.<br \/>\n3. Demandar la presentaci\u00f3n de un cronograma detallado con las fechas de inicio y finalizaci\u00f3n de cada etapa del proyecto de electrificaci\u00f3n en nuestras comunidades.<br \/>\n4. Exigir la apertura de un di\u00e1logo transparente y participativo con las comunidades productoras campesinas afectadas por la falta de electricidad, y la presencia del Gobernador, a fin de informar sobre el avance del proyecto y atender sus inquietudes.<br \/>\n5. Convocar a una movilizaci\u00f3n y bloqueo indefinido en caso de no obtener una respuesta favorable a nuestras demandas, y damos un plazo de 72 horas de su recepci\u00f3n, en caso de no haber respuesta, iniciaremos bloqueo desde el d\u00eda martes 18 de febrero del 2025 a partir de la medianoche.<\/p>\n","protected":false},"excerpt":{"rendered":"<p>Al menos 11 comunidades del municipio de Yapacan\u00ed, provincia cruce\u00f1a de Ichilo, anunciaron que instalar\u00e1n un punto de bloqueo en la carretera que une los departamentos de Santa Cruz y Cochabamba. Exigen a la Gobernaci\u00f3n cruce\u00f1a que ejecute un proyecto de electrificaci\u00f3n que se viene postergando desde 2022. Seg\u00fan el comunicado de los pobladores de [&hellip;]<\/p>\n","protected":false},"author":1,"featured_media":1391,"comment_status":"","ping_status":"open","sticky":false,"template":"","format":"standard","meta":{"pagelayer_contact_templates":[],"_pagelayer_content":"","footnotes":""},"categories":[22],"tags":[],"class_list":{"0":"post-1390","1":"post","2":"type-post","3":"status-publish","4":"format-standard","5":"has-post-thumbnail","7":"category-social"},"_links":{"self":[{"href":"https:\/\/jms.com.bo\/mediamonitorbo\/wp-json\/wp\/v2\/posts\/1390","targetHints":{"allow":["GET"]}}],"collection":[{"href":"https:\/\/jms.com.bo\/mediamonitorbo\/wp-json\/wp\/v2\/posts"}],"about":[{"href":"https:\/\/jms.com.bo\/mediamonitorbo\/wp-json\/wp\/v2\/types\/post"}],"author":[{"embeddable":true,"href":"https:\/\/jms.com.bo\/mediamonitorbo\/wp-json\/wp\/v2\/users\/1"}],"replies":[{"embeddable":true,"href":"https:\/\/jms.com.bo\/mediamonitorbo\/wp-json\/wp\/v2\/comments?post=1390"}],"version-history":[{"count":0,"href":"https:\/\/jms.com.bo\/mediamonitorbo\/wp-json\/wp\/v2\/posts\/1390\/revisions"}],"wp:featuredmedia":[{"embeddable":true,"href":"https:\/\/jms.com.bo\/mediamonitorbo\/wp-json\/wp\/v2\/media\/1391"}],"wp:attachment":[{"href":"https:\/\/jms.com.bo\/mediamonitorbo\/wp-json\/wp\/v2\/media?parent=1390"}],"wp:term":[{"taxonomy":"category","embeddable":true,"href":"https:\/\/jms.com.bo\/mediamonitorbo\/wp-json\/wp\/v2\/categories?post=1390"},{"taxonomy":"post_tag","embeddable":true,"href":"https:\/\/jms.com.bo\/mediamonitorbo\/wp-json\/wp\/v2\/tags?post=1390"}],"curies":[{"name":"wp","href":"https:\/\/api.w.org\/{rel}","templated":true}]}}