{"id":1392,"date":"2025-02-18T07:57:39","date_gmt":"2025-02-18T11:57:39","guid":{"rendered":"https:\/\/jms.com.bo\/mediamonitorbo\/2025\/02\/18\/trabajadores-de-salud-realizan-nuevo-paro-de-48-horas-por-atraso-en-salarios\/"},"modified":"2025-02-18T07:57:39","modified_gmt":"2025-02-18T11:57:39","slug":"trabajadores-de-salud-realizan-nuevo-paro-de-48-horas-por-atraso-en-salarios","status":"publish","type":"post","link":"https:\/\/jms.com.bo\/mediamonitorbo\/2025\/02\/18\/trabajadores-de-salud-realizan-nuevo-paro-de-48-horas-por-atraso-en-salarios\/","title":{"rendered":"Trabajadores de salud realizan nuevo paro de 48 horas por atraso en salarios"},"content":{"rendered":"<p>El conflicto entre los trabajadores de salud y la Alcald\u00eda de Santa Cruz sigue escalando. Este lunes, el Comit\u00e9 Ejecutivo Departamental de la Federaci\u00f3n Sindical de Trabajadores en Salud inici\u00f3 un paro de 48 horas, afectando la atenci\u00f3n en hospitales y centros de salud. La medida se extender\u00e1 hasta el martes, mientras que la Federaci\u00f3n de Sindicatos de Ramas M\u00e9dicas de Salud P\u00fablica (Fesirmes) intentar\u00e1 agotar las \u00faltimas instancias de di\u00e1logo antes de tomar nuevas acciones.<br \/>\nLas principales demandas de los trabajadores incluyen el incumplimiento en el pago de salarios de enero de 2025 para los contratos municipales e \u00edtems prefecturales, la falta de firma en los contratos municipales y la reposici\u00f3n de \u00edtems, adem\u00e1s del pago de subsidios pre y postnatal. Tambi\u00e9n exigen el pago de vi\u00e1ticos de vacunaci\u00f3n correspondientes a 2024 y la firma de convenios con la Caja Nacional de Salud.<br \/>\nDesde el Fesirmes, se\u00f1alaron este lunes que esperar\u00e1n respuestas del alcalde Jhonny Fern\u00e1ndez y del gobernador Mario Aguilera sobre sus exigencias salariales y de infraestructura. De no recibir soluciones, el martes se llevar\u00e1 a cabo un ampliado donde se definir\u00e1n nuevas medidas de presi\u00f3n.<br \/>\nLa pasada semana, tanto la federaci\u00f3n de trabajadores como el Fesirmes cumplieron sendos paros con las mismas demandas. Un compromiso anterior establece que la alcald\u00eda y gobernaci\u00f3n deben cumplir con el pago hasta el d\u00eda 10 del siguiente mes.<\/p>\n","protected":false},"excerpt":{"rendered":"<p>El conflicto entre los trabajadores de salud y la Alcald\u00eda de Santa Cruz sigue escalando. Este lunes, el Comit\u00e9 Ejecutivo Departamental de la Federaci\u00f3n Sindical de Trabajadores en Salud inici\u00f3 un paro de 48 horas, afectando la atenci\u00f3n en hospitales y centros de salud. La medida se extender\u00e1 hasta el martes, mientras que la Federaci\u00f3n [&hellip;]<\/p>\n","protected":false},"author":1,"featured_media":1393,"comment_status":"","ping_status":"open","sticky":false,"template":"","format":"standard","meta":{"pagelayer_contact_templates":[],"_pagelayer_content":"","footnotes":""},"categories":[22],"tags":[],"class_list":{"0":"post-1392","1":"post","2":"type-post","3":"status-publish","4":"format-standard","5":"has-post-thumbnail","7":"category-social"},"_links":{"self":[{"href":"https:\/\/jms.com.bo\/mediamonitorbo\/wp-json\/wp\/v2\/posts\/1392","targetHints":{"allow":["GET"]}}],"collection":[{"href":"https:\/\/jms.com.bo\/mediamonitorbo\/wp-json\/wp\/v2\/posts"}],"about":[{"href":"https:\/\/jms.com.bo\/mediamonitorbo\/wp-json\/wp\/v2\/types\/post"}],"author":[{"embeddable":true,"href":"https:\/\/jms.com.bo\/mediamonitorbo\/wp-json\/wp\/v2\/users\/1"}],"replies":[{"embeddable":true,"href":"https:\/\/jms.com.bo\/mediamonitorbo\/wp-json\/wp\/v2\/comments?post=1392"}],"version-history":[{"count":0,"href":"https:\/\/jms.com.bo\/mediamonitorbo\/wp-json\/wp\/v2\/posts\/1392\/revisions"}],"wp:featuredmedia":[{"embeddable":true,"href":"https:\/\/jms.com.bo\/mediamonitorbo\/wp-json\/wp\/v2\/media\/1393"}],"wp:attachment":[{"href":"https:\/\/jms.com.bo\/mediamonitorbo\/wp-json\/wp\/v2\/media?parent=1392"}],"wp:term":[{"taxonomy":"category","embeddable":true,"href":"https:\/\/jms.com.bo\/mediamonitorbo\/wp-json\/wp\/v2\/categories?post=1392"},{"taxonomy":"post_tag","embeddable":true,"href":"https:\/\/jms.com.bo\/mediamonitorbo\/wp-json\/wp\/v2\/tags?post=1392"}],"curies":[{"name":"wp","href":"https:\/\/api.w.org\/{rel}","templated":true}]}}