{"id":1403,"date":"2025-02-17T07:31:29","date_gmt":"2025-02-17T11:31:29","guid":{"rendered":"https:\/\/jms.com.bo\/mediamonitorbo\/2025\/02\/17\/en-el-chaco-ven-la-disputa-de-las-ultimas-monedas-que-deja-el-gas\/"},"modified":"2025-02-17T07:31:29","modified_gmt":"2025-02-17T11:31:29","slug":"en-el-chaco-ven-la-disputa-de-las-ultimas-monedas-que-deja-el-gas","status":"publish","type":"post","link":"https:\/\/jms.com.bo\/mediamonitorbo\/2025\/02\/17\/en-el-chaco-ven-la-disputa-de-las-ultimas-monedas-que-deja-el-gas\/","title":{"rendered":"En el Chaco ven la disputa de las \u201c\u00faltimas monedas\u201d que deja el gas"},"content":{"rendered":"<p>La Autonom\u00eda Regional del Chaco, que a fines del 2024 cumpli\u00f3 sus 15 a\u00f1os, atraviesa uno de sus momentos m\u00e1s cr\u00edticos. La principal raz\u00f3n es la ca\u00edda de la renta petrolera, que es casi el \u00fanico sost\u00e9n financiero del Gobierno Regional, entidad que ahora no puede cumplir sus compromisos con la Alcald\u00eda de Yacuiba, y eso ha hecho tambalear programas de salud, educaci\u00f3n y desarrollo productivo. Esto ha provocado un duro enfrentamiento entre Carlos Br\u00fa y Jos\u00e9 Luis \u00c1brego, y un bloqueo de la Ruta 9 que cumple ya s\u00e9ptimo d\u00eda.<br \/>\nPara dirigentes, analistas, y pol\u00edticos, se trata de la pelea por las \u201c\u00faltimas monedas\u201d de las regal\u00edas hidrocarbur\u00edferas, que no tiene una salida pol\u00edtica a la vista y, m\u00e1s al contrario, exige un cambio de visi\u00f3n si se quiere mantener la Autonom\u00eda Regional.<br \/>\nLas cifras de la crisis<br \/>\nDesde la gesti\u00f3n 2014 al 2024, los ingresos del Impuesto Directo a los Hidrocarburos (IDH) y Regal\u00edas para la Regi\u00f3n Aut\u00f3noma del Chaco han ca\u00eddo un 80%, es decir, pasaron de 1.730 millones de bolivianos a 331 millones de bolivianos, y lo previsto para el 2025 es que apenas va a recibir 234 millones de bolivianos, aunque esta cifra podr\u00eda reducirse m\u00e1s a\u00fan, como ya est\u00e1 ocurriendo en la Gobernaci\u00f3n de Tarija.<br \/>\nEn enero de 2025, por ejemplo, por regal\u00edas recibi\u00f3 6.269.849,00 boliviano y 329.771,00 por IDH, haciendo un total percibido de 6.599.620,00 bolivianos. Sin embargo, los gastos que cubre la instituci\u00f3n alcanzan a 7.217.292,00, lo que demuestra un d\u00e9ficit de 617.672,00 bolivianos, y el a\u00f1o reci\u00e9n empieza.<br \/>\nPeleando \u201clas \u00faltimas monedas\u201d<br \/>\nDe la renta petrolera que recibe el Gobierno Regional, debe transferir un 30% a las alcald\u00edas, seg\u00fan lo establecen las leyes 3038 y 3861, para salud, educaci\u00f3n y desarrollo productivo.<br \/>\n\u201cLa salud, y la educaci\u00f3n, son competencia del municipio, que debe preocuparse de hacerlas sostenibles\u201d, dijo el ejecutivo regional. Luego de poner en duda las mencionadas leyes, finalmente \u00c1brego admiti\u00f3 que el Gobierno Regional no tiene plata y si transfiere a la Alcald\u00eda pone en riesgo programas sociales, como la canasta alimentaria para el adulto mayor.<br \/>\nLa Alcald\u00eda tambi\u00e9n arriesga, asegur\u00f3 Br\u00fa, recalcando que por la falta de transferencia de recursos no est\u00e1 pudiendo cumplir con el desayuno y transporte escolar. Pero incluso advierte un ensa\u00f1amiento pol\u00edtico, ya que la deuda con Yacuiba es de cuatro meses, mientras que con Villa Montes y Carapar\u00ed est\u00e1 al d\u00eda.<br \/>\nPara la asamble\u00edsta regional, Mar\u00eda Ren\u00e9 Barrios, la posici\u00f3n de \u00c1brego es un \u201cperjuicio sin raz\u00f3n\u201d, ya que la transferencia de regal\u00edas est\u00e1 reconocida por el Estatuto Regional. Si se quiere desconocer la Ley 3038, la abrogaci\u00f3n se debe tramitar con un proyecto de ley que debe ser aprobado por la Asamblea Legislativa Plurinacional.<br \/>\n\u201cLa Asamblea Regional ya aprob\u00f3 el POA 2025, enviado por el propio Ejecutivo Regional. Este POA s\u00ed contempla las transferencias de la Ley 3038, para salud, educaci\u00f3n, y desarrollo productivo, en su porcentaje del 10% para cada uno\u201d, afirm\u00f3.<br \/>\n\u00bfSepultando la autonom\u00eda?<br \/>\nEn contacto con los medios, Rub\u00e9n Vaca, alcalde de Villa Montes, advirti\u00f3 que, \u201c\u00c1brego podr\u00eda convertirse en sepulturero de la autonom\u00eda regional\u201d, en caso de continuar con su propuesta de revisar la transferencia de recursos.<br \/>\nMientras que, Wilman Cardozo, exsenador, calific\u00f3 el conflicto entre \u00c1brego y Br\u00fa como una \u201cdisputa por las \u00faltimas monedas de las regal\u00edas del gas\u201d, y llam\u00f3 a ambas autoridades a buscar consensos.<br \/>\nChaco: Una autonom\u00eda no tan aut\u00f3noma<br \/>\nPara \u00c1lex Guti\u00e9rrez, abogado y comunicador, este escenario de confrontaci\u00f3n pone en riesgo la autonom\u00eda regional.<br \/>\n\u201cAunque, en realidad, siempre ha sido solo un nombre sin verdadera independencia. Nuestras autoridades han estado subordinadas al Gobierno Central, permitiendo que el centralismo siga decidiendo por nosotros\u201d, lament\u00f3.<br \/>\nPara Guti\u00e9rrez, es necesario \u201cromper la rosca\u201d pol\u00edtica en el Chaco, \u201cdonde los mismos grupos de poder se reciclan\u201d, a\u00f1adi\u00f3.<\/p>\n","protected":false},"excerpt":{"rendered":"<p>La Autonom\u00eda Regional del Chaco, que a fines del 2024 cumpli\u00f3 sus 15 a\u00f1os, atraviesa uno de sus momentos m\u00e1s cr\u00edticos. La principal raz\u00f3n es la ca\u00edda de la renta petrolera, que es casi el \u00fanico sost\u00e9n financiero del Gobierno Regional, entidad que ahora no puede cumplir sus compromisos con la Alcald\u00eda de Yacuiba, y [&hellip;]<\/p>\n","protected":false},"author":1,"featured_media":1404,"comment_status":"","ping_status":"open","sticky":false,"template":"","format":"standard","meta":{"pagelayer_contact_templates":[],"_pagelayer_content":"","footnotes":""},"categories":[23,17],"tags":[],"class_list":{"0":"post-1403","1":"post","2":"type-post","3":"status-publish","4":"format-standard","5":"has-post-thumbnail","7":"category-bolivia","8":"category-oil-gas"},"_links":{"self":[{"href":"https:\/\/jms.com.bo\/mediamonitorbo\/wp-json\/wp\/v2\/posts\/1403","targetHints":{"allow":["GET"]}}],"collection":[{"href":"https:\/\/jms.com.bo\/mediamonitorbo\/wp-json\/wp\/v2\/posts"}],"about":[{"href":"https:\/\/jms.com.bo\/mediamonitorbo\/wp-json\/wp\/v2\/types\/post"}],"author":[{"embeddable":true,"href":"https:\/\/jms.com.bo\/mediamonitorbo\/wp-json\/wp\/v2\/users\/1"}],"replies":[{"embeddable":true,"href":"https:\/\/jms.com.bo\/mediamonitorbo\/wp-json\/wp\/v2\/comments?post=1403"}],"version-history":[{"count":0,"href":"https:\/\/jms.com.bo\/mediamonitorbo\/wp-json\/wp\/v2\/posts\/1403\/revisions"}],"wp:featuredmedia":[{"embeddable":true,"href":"https:\/\/jms.com.bo\/mediamonitorbo\/wp-json\/wp\/v2\/media\/1404"}],"wp:attachment":[{"href":"https:\/\/jms.com.bo\/mediamonitorbo\/wp-json\/wp\/v2\/media?parent=1403"}],"wp:term":[{"taxonomy":"category","embeddable":true,"href":"https:\/\/jms.com.bo\/mediamonitorbo\/wp-json\/wp\/v2\/categories?post=1403"},{"taxonomy":"post_tag","embeddable":true,"href":"https:\/\/jms.com.bo\/mediamonitorbo\/wp-json\/wp\/v2\/tags?post=1403"}],"curies":[{"name":"wp","href":"https:\/\/api.w.org\/{rel}","templated":true}]}}