{"id":1413,"date":"2025-02-17T07:22:49","date_gmt":"2025-02-17T11:22:49","guid":{"rendered":"https:\/\/jms.com.bo\/mediamonitorbo\/2025\/02\/17\/bolivia-con-la-tercera-inflacion-mas-alta-de-latinoamerica-y-con-la-mayor-alza-mensual-de-precios-en-33-anos\/"},"modified":"2025-02-17T07:22:49","modified_gmt":"2025-02-17T11:22:49","slug":"bolivia-con-la-tercera-inflacion-mas-alta-de-latinoamerica-y-con-la-mayor-alza-mensual-de-precios-en-33-anos","status":"publish","type":"post","link":"https:\/\/jms.com.bo\/mediamonitorbo\/2025\/02\/17\/bolivia-con-la-tercera-inflacion-mas-alta-de-latinoamerica-y-con-la-mayor-alza-mensual-de-precios-en-33-anos\/","title":{"rendered":"Bolivia con la tercera inflaci\u00f3n m\u00e1s alta de Latinoam\u00e9rica y con la mayor alza mensual de precios en 33 a\u00f1os"},"content":{"rendered":"<p>Bolivia vive un preocupante brote inflacionario que adem\u00e1s est\u00e1 imponiendo algunas marcas. Con un alza de precios en enero de 1,95% y un incremento interanual de 12,03%, el pa\u00eds se sit\u00faa con la tercera inflaci\u00f3n m\u00e1s alta de Latinoam\u00e9rica, seg\u00fan los datos reflejados por Fernando Romero, presidente del Colegio de Economistas de Tarija.<br \/>\nBolivia solo es superada por Venezuela, que enero registr\u00f3 una inflaci\u00f3n de 7,7% y Argentina con un 2,2%. El dato interanual es de 91,3% y 84,5%, respectivamente.<br \/>\nRomero remarca adem\u00e1s que el 1.95% de enero es el mayor incremento mensual en 33 a\u00f1os, mientras que el dato de la inflaci\u00f3n a 12 meses es el m\u00e1s elevado de los \u00faltimos 29 a\u00f1os. Adem\u00e1s solo con el dato del primer mes del a\u00f1o ya se lleg\u00f3 al 26% de la proyecci\u00f3n fijada por el gobierno de Luis Arce para toda la gesti\u00f3n que es de 7,6%.<br \/>\n\u201cCon esta inflaci\u00f3n de enero 2025, ya se logr\u00f3 el 26% de la meta gubernamental planificada para esta gesti\u00f3n (7,65%). Se estima que este a\u00f1o podr\u00eda ser igual o m\u00e1s inflacionario que 2024, proyectando, si sigue esta tendencia, al menos un 12% de inflaci\u00f3n anual\u201d, explic\u00f3 Romero, citado por el diario La Raz\u00f3n.<br \/>\nEl dato interanual supera adem\u00e1s la cifra del 2008, que fue el a\u00f1o m\u00e1s inflacionario en las gestiones de Evo Morales con un \u00cdndice de Precios al Consumidor (IPC) de 11,85%. En sus informes mensuales, el Instituto Nacional de Estad\u00edstica (INE) dej\u00f3 de incluir el dato de la inflaci\u00f3n a 12 meses.<br \/>\n\u201cLos efectos clim\u00e1ticos, los efectos del bloqueo, contin\u00faan arrastrando la inflaci\u00f3n y hacen que la misma siga siendo elevada\u201d, se\u00f1al\u00f3 el director del INE, Humberto Arandia al informar sobre la inflaci\u00f3n en enero. Admiti\u00f3 que esta variable es preocupante porque afecta los bolsillos de los bolivianos.<\/p>\n","protected":false},"excerpt":{"rendered":"<p>Bolivia vive un preocupante brote inflacionario que adem\u00e1s est\u00e1 imponiendo algunas marcas. Con un alza de precios en enero de 1,95% y un incremento interanual de 12,03%, el pa\u00eds se sit\u00faa con la tercera inflaci\u00f3n m\u00e1s alta de Latinoam\u00e9rica, seg\u00fan los datos reflejados por Fernando Romero, presidente del Colegio de Economistas de Tarija. Bolivia solo [&hellip;]<\/p>\n","protected":false},"author":1,"featured_media":1414,"comment_status":"","ping_status":"open","sticky":false,"template":"","format":"standard","meta":{"pagelayer_contact_templates":[],"_pagelayer_content":"","footnotes":""},"categories":[19,29,24],"tags":[],"class_list":{"0":"post-1413","1":"post","2":"type-post","3":"status-publish","4":"format-standard","5":"has-post-thumbnail","7":"category-economia","8":"category-portada-economia","9":"category-portada-general-sitio"},"_links":{"self":[{"href":"https:\/\/jms.com.bo\/mediamonitorbo\/wp-json\/wp\/v2\/posts\/1413","targetHints":{"allow":["GET"]}}],"collection":[{"href":"https:\/\/jms.com.bo\/mediamonitorbo\/wp-json\/wp\/v2\/posts"}],"about":[{"href":"https:\/\/jms.com.bo\/mediamonitorbo\/wp-json\/wp\/v2\/types\/post"}],"author":[{"embeddable":true,"href":"https:\/\/jms.com.bo\/mediamonitorbo\/wp-json\/wp\/v2\/users\/1"}],"replies":[{"embeddable":true,"href":"https:\/\/jms.com.bo\/mediamonitorbo\/wp-json\/wp\/v2\/comments?post=1413"}],"version-history":[{"count":0,"href":"https:\/\/jms.com.bo\/mediamonitorbo\/wp-json\/wp\/v2\/posts\/1413\/revisions"}],"wp:featuredmedia":[{"embeddable":true,"href":"https:\/\/jms.com.bo\/mediamonitorbo\/wp-json\/wp\/v2\/media\/1414"}],"wp:attachment":[{"href":"https:\/\/jms.com.bo\/mediamonitorbo\/wp-json\/wp\/v2\/media?parent=1413"}],"wp:term":[{"taxonomy":"category","embeddable":true,"href":"https:\/\/jms.com.bo\/mediamonitorbo\/wp-json\/wp\/v2\/categories?post=1413"},{"taxonomy":"post_tag","embeddable":true,"href":"https:\/\/jms.com.bo\/mediamonitorbo\/wp-json\/wp\/v2\/tags?post=1413"}],"curies":[{"name":"wp","href":"https:\/\/api.w.org\/{rel}","templated":true}]}}