{"id":1548,"date":"2025-02-12T05:10:52","date_gmt":"2025-02-12T09:10:52","guid":{"rendered":"https:\/\/jms.com.bo\/mediamonitorbo\/2025\/02\/12\/anuncian-llegada-de-organismos-internacionales-para-el-jueves-de-comadres\/"},"modified":"2025-02-12T05:10:52","modified_gmt":"2025-02-12T09:10:52","slug":"anuncian-llegada-de-organismos-internacionales-para-el-jueves-de-comadres","status":"publish","type":"post","link":"https:\/\/jms.com.bo\/mediamonitorbo\/2025\/02\/12\/anuncian-llegada-de-organismos-internacionales-para-el-jueves-de-comadres\/","title":{"rendered":"Anuncian llegada de organismos internacionales para el Jueves de Comadres"},"content":{"rendered":"<p>La canciller, Celinda Sosa, lleg\u00f3 a Tarija y este martes su agenda contempl\u00f3 varias reuniones con autoridades departamentales y municipales para planificar la agenda de festejos para el Bicentenario del 6 de Agosto y la postulaci\u00f3n de la fiesta de Comadres ante la Unesco.<br \/>\n\u00abLa Festividad de Comadres del Bicentenario contar\u00e1 con la presencia del Cuerpo Diplom\u00e1tico y Organismos Internacionales acreditados en Bolivia, lo cual nos permitir\u00e1 dar a conocer la cultura de Tarija y Bolivia a todo el mundo\u00bb, comunic\u00f3 en sus redes sociales.<br \/>\nSosa se reuni\u00f3 con el gobernador, Oscar Montes, el alcalde Johnny Torres, los ejecutivos de otros municipios y dirigentes de organizaciones sociales.<br \/>\nParalelamente contin\u00faa la recolecci\u00f3n de firmas por parte de las agrupaciones de comadres y el comit\u00e9 impulsor p<\/p>\n","protected":false},"excerpt":{"rendered":"<p>La canciller, Celinda Sosa, lleg\u00f3 a Tarija y este martes su agenda contempl\u00f3 varias reuniones con autoridades departamentales y municipales para planificar la agenda de festejos para el Bicentenario del 6 de Agosto y la postulaci\u00f3n de la fiesta de Comadres ante la Unesco. \u00abLa Festividad de Comadres del Bicentenario contar\u00e1 con la presencia del [&hellip;]<\/p>\n","protected":false},"author":1,"featured_media":1549,"comment_status":"","ping_status":"open","sticky":false,"template":"","format":"standard","meta":{"pagelayer_contact_templates":[],"_pagelayer_content":"","footnotes":""},"categories":[21],"tags":[],"class_list":{"0":"post-1548","1":"post","2":"type-post","3":"status-publish","4":"format-standard","5":"has-post-thumbnail","7":"category-actualidad"},"_links":{"self":[{"href":"https:\/\/jms.com.bo\/mediamonitorbo\/wp-json\/wp\/v2\/posts\/1548","targetHints":{"allow":["GET"]}}],"collection":[{"href":"https:\/\/jms.com.bo\/mediamonitorbo\/wp-json\/wp\/v2\/posts"}],"about":[{"href":"https:\/\/jms.com.bo\/mediamonitorbo\/wp-json\/wp\/v2\/types\/post"}],"author":[{"embeddable":true,"href":"https:\/\/jms.com.bo\/mediamonitorbo\/wp-json\/wp\/v2\/users\/1"}],"replies":[{"embeddable":true,"href":"https:\/\/jms.com.bo\/mediamonitorbo\/wp-json\/wp\/v2\/comments?post=1548"}],"version-history":[{"count":0,"href":"https:\/\/jms.com.bo\/mediamonitorbo\/wp-json\/wp\/v2\/posts\/1548\/revisions"}],"wp:featuredmedia":[{"embeddable":true,"href":"https:\/\/jms.com.bo\/mediamonitorbo\/wp-json\/wp\/v2\/media\/1549"}],"wp:attachment":[{"href":"https:\/\/jms.com.bo\/mediamonitorbo\/wp-json\/wp\/v2\/media?parent=1548"}],"wp:term":[{"taxonomy":"category","embeddable":true,"href":"https:\/\/jms.com.bo\/mediamonitorbo\/wp-json\/wp\/v2\/categories?post=1548"},{"taxonomy":"post_tag","embeddable":true,"href":"https:\/\/jms.com.bo\/mediamonitorbo\/wp-json\/wp\/v2\/tags?post=1548"}],"curies":[{"name":"wp","href":"https:\/\/api.w.org\/{rel}","templated":true}]}}