{"id":160,"date":"2025-01-31T07:00:04","date_gmt":"2025-01-31T11:00:04","guid":{"rendered":"https:\/\/jms.com.bo\/mediamonitorbo\/2025\/01\/31\/el-reordenamiento-deriva-en-enfrentamientos-y-micreros-ratifican-paro-desde-el-lunes\/"},"modified":"2025-01-31T07:00:04","modified_gmt":"2025-01-31T11:00:04","slug":"el-reordenamiento-deriva-en-enfrentamientos-y-micreros-ratifican-paro-desde-el-lunes","status":"publish","type":"post","link":"https:\/\/jms.com.bo\/mediamonitorbo\/2025\/01\/31\/el-reordenamiento-deriva-en-enfrentamientos-y-micreros-ratifican-paro-desde-el-lunes\/","title":{"rendered":"El reordenamiento deriva en enfrentamientos y micreros ratifican paro desde el lunes"},"content":{"rendered":"<p>El reordenamiento del transporte p\u00fablico implementado por la Alcald\u00eda Municipal volvi\u00f3 a desatar enfrentamientos entre comerciantes que apoyan y rechazan la medida, adem\u00e1s de forcejeos con gendarmes que hacen el control.<br \/>\nLa ma\u00f1ana de este jueves, la calle Florida y primer anillo se convirti\u00f3 en escenario de empujones, gritos y hasta golpes. Un gendarme termin\u00f3 en el suelo, al igual que una comerciante, en medio del caos.<br \/>\nEl incidente agrav\u00f3 las tensiones entre el alcalde Jhonny Fern\u00e1ndez y los transportistas, toda vez que incluso se suspendi\u00f3 la reuni\u00f3n en la que se discutir\u00eda el reordenamiento y las demandas del sector. Ante esta situaci\u00f3n, la dirigencia de los micreros ratific\u00f3 el paro indefinido a partir del lunes, que coincide con el inicio de clases.<br \/>\nEn conferencia de prensa, Fern\u00e1ndez defendi\u00f3 las medidas implementadas para ordenar el tr\u00e1fico y advirti\u00f3 con sanciones a los transportistas que desde el lunes vienen realizando protestas en la Quinta Municipal para exigir incremento en el pasaje de micros y rechazar el plan municipal.<br \/>\n\u201cHemos reducido los canales del centro de 16 a 8. Ahora hay m\u00e1s orden, menos caos y m\u00e1s espacios para estacionar. No vamos a retroceder\u201d, afirm\u00f3 el burgomaestre.<br \/>\n\u201cEl ordenamiento sigue, va porque va. Durante d\u00e9cadas, la poblaci\u00f3n lo ha esperado y lo vamos a hacer realidad. No permitiremos que el centro de la ciudad siga sumido en el caos. Se mantendr\u00e1n los ocho canales y quienes no se adec\u00faen ser\u00e1n sancionados. Si persisten en el incumplimiento, ser\u00e1n retirados de sus rutas\u201d, insisti\u00f3 Fern\u00e1ndez.<br \/>\nParo indefinido<br \/>\nEste jueves, los transportistas volvieron a concentrarse en las afueras de la Quinta Municipal. La dirigencia adelant\u00f3 que hoy realizar\u00e1n un ampliado donde se analizar\u00e1 situaci\u00f3n del transporte y se tomar\u00e1n determinaciones respecto al paro indefinido que acatar\u00e1n desde el lunes.<br \/>\n\u201cHubo un incidente en un sector (en el centro de la ciudad) y est\u00e1n culpando al transporte, cuando nosotros no generamos esa situaci\u00f3n. La reuni\u00f3n (con el alcalde) fue cancelada. El paro indefinido sigue en pie y no se descarta que las provincias se sumen con bloqueos\u201d, afirm\u00f3 el dirigente Bismark Daza.<br \/>\nNo obstante, se\u00f1al\u00f3 que no se cierran al di\u00e1logo y esperan que el burgomaestre los convoque a dialogar a fin de encontrar una soluci\u00f3n al conflicto.<br \/>\nAl respecto, Fern\u00e1ndez indic\u00f3 que el municipio el mi\u00e9rcoles abri\u00f3 una mesa t\u00e9cnica para tratar los reclamos del sector, pero acus\u00f3 a los transportistas de incumplir los acuerdos. \u201cQuedamos en reunirnos para revisar el tema t\u00e9cnico y econ\u00f3mico, pero en lugar de eso siguen bloqueando y presionando con paros\u201d, se\u00f1al\u00f3.<br \/>\nEl alcalde reiter\u00f3 que no ceder\u00e1 ante las presiones del sector transporte. Record\u00f3 que el municipio exige a los transportistas registrarse en Santa Cruz de la Sierra, pagar impuestos municipales, instalar c\u00e1maras de vigilancia y mejorar su flota. Seg\u00fan Fern\u00e1ndez, hasta que estos requisitos no se cumplan, no se hablar\u00e1 de un ajuste en el pasaje.<br \/>\nDivisi\u00f3n<br \/>\nEl conflicto por el reordenamiento en el centro se desat\u00f3 cuando un grupo de due\u00f1os y vendedores de talleres mec\u00e1nicos bloque\u00f3 la v\u00eda con carteles que dec\u00edan \u201cNo micros\u201d. No era solo una advertencia: estaban decididos a impedir el paso del transporte p\u00fablico, convencidos de que la nueva ruta los estaba ahogando econ\u00f3micamente. \u201cLos clientes no tienen d\u00f3nde estacionar, nuestras ventas han bajado\u201d, indicaban. Incluso un hombre se lanz\u00f3 al piso para impedir el paso de un micro.<br \/>\nSin embargo, otros comerciantes del mercado Florida intentaron despejar la calle, asegurando que el reordenamiento beneficia a sus negocios al facilitar el acceso de compradores.<br \/>\n\u201cNo dejan pasar a los micros. Yo necesito llegar a mi trabajo y esta protesta solo perjudica a la gente que debe cumplir con su jornada\u201d, reclam\u00f3 un pasajero que descendi\u00f3 del veh\u00edculo para intentar persuadir a los bloqueadores.<br \/>\nLa tensi\u00f3n escal\u00f3, por lo que los gendarmes intervinieron para habilitar el paso, pero terminaron a golpes con los manifestantes. No es la primera vez que ocurre un episodio similar, el martes ya se registr\u00f3 otro altercado en la misma calle Florida, una de las nuevas rutas del transporte p\u00fablico tras la restricci\u00f3n en la calle Seoane.<br \/>\n\u201cHasta que haya una soluci\u00f3n, no permitiremos el paso de los micros. Estamos luchando por un espacio de estacionamiento y ya hemos solicitado una reuni\u00f3n con el alcalde\u201d, afirm\u00f3 una trabajadora de un taller mec\u00e1nico.<\/p>\n","protected":false},"excerpt":{"rendered":"<p>El reordenamiento del transporte p\u00fablico implementado por la Alcald\u00eda Municipal volvi\u00f3 a desatar enfrentamientos entre comerciantes que apoyan y rechazan la medida, adem\u00e1s de forcejeos con gendarmes que hacen el control. La ma\u00f1ana de este jueves, la calle Florida y primer anillo se convirti\u00f3 en escenario de empujones, gritos y hasta golpes. Un gendarme termin\u00f3 [&hellip;]<\/p>\n","protected":false},"author":1,"featured_media":161,"comment_status":"","ping_status":"open","sticky":false,"template":"","format":"standard","meta":{"pagelayer_contact_templates":[],"_pagelayer_content":"","footnotes":""},"categories":[22],"tags":[],"class_list":{"0":"post-160","1":"post","2":"type-post","3":"status-publish","4":"format-standard","5":"has-post-thumbnail","7":"category-social"},"_links":{"self":[{"href":"https:\/\/jms.com.bo\/mediamonitorbo\/wp-json\/wp\/v2\/posts\/160","targetHints":{"allow":["GET"]}}],"collection":[{"href":"https:\/\/jms.com.bo\/mediamonitorbo\/wp-json\/wp\/v2\/posts"}],"about":[{"href":"https:\/\/jms.com.bo\/mediamonitorbo\/wp-json\/wp\/v2\/types\/post"}],"author":[{"embeddable":true,"href":"https:\/\/jms.com.bo\/mediamonitorbo\/wp-json\/wp\/v2\/users\/1"}],"replies":[{"embeddable":true,"href":"https:\/\/jms.com.bo\/mediamonitorbo\/wp-json\/wp\/v2\/comments?post=160"}],"version-history":[{"count":0,"href":"https:\/\/jms.com.bo\/mediamonitorbo\/wp-json\/wp\/v2\/posts\/160\/revisions"}],"wp:featuredmedia":[{"embeddable":true,"href":"https:\/\/jms.com.bo\/mediamonitorbo\/wp-json\/wp\/v2\/media\/161"}],"wp:attachment":[{"href":"https:\/\/jms.com.bo\/mediamonitorbo\/wp-json\/wp\/v2\/media?parent=160"}],"wp:term":[{"taxonomy":"category","embeddable":true,"href":"https:\/\/jms.com.bo\/mediamonitorbo\/wp-json\/wp\/v2\/categories?post=160"},{"taxonomy":"post_tag","embeddable":true,"href":"https:\/\/jms.com.bo\/mediamonitorbo\/wp-json\/wp\/v2\/tags?post=160"}],"curies":[{"name":"wp","href":"https:\/\/api.w.org\/{rel}","templated":true}]}}