{"id":162,"date":"2025-01-31T06:58:39","date_gmt":"2025-01-31T10:58:39","guid":{"rendered":"https:\/\/jms.com.bo\/mediamonitorbo\/2025\/01\/31\/transportistas-levantan-bloqueo-en-quillacollo-el-concejo-aprueba-aumento-temporal-del-pasaje\/"},"modified":"2025-01-31T06:58:39","modified_gmt":"2025-01-31T10:58:39","slug":"transportistas-levantan-bloqueo-en-quillacollo-el-concejo-aprueba-aumento-temporal-del-pasaje","status":"publish","type":"post","link":"https:\/\/jms.com.bo\/mediamonitorbo\/2025\/01\/31\/transportistas-levantan-bloqueo-en-quillacollo-el-concejo-aprueba-aumento-temporal-del-pasaje\/","title":{"rendered":"Transportistas levantan bloqueo en Quillacollo, el Concejo aprueba aumento temporal del pasaje"},"content":{"rendered":"<p>Despu\u00e9s de dos d\u00edas de protesta, transportistas de Quillacollo, Cochabamba, levantaron el bloqueo de caminos en la v\u00eda al occidente del pa\u00eds, luego de que el Concejo aprob\u00f3 el incremento temporal del pasaje en el transporte p\u00fablico de Bs 1,20 a Bs 1,50.<br \/>\nA ra\u00edz de esta determinaci\u00f3n, la circulaci\u00f3n vehicular sobre la avenida Blanco Galindo se restableci\u00f3 durante la noche de este jueves.<br \/>\nDesde el martes se hab\u00eda interrumpido el flujo vehicular por esta medida de presi\u00f3n. Las salidas de buses de la terminal de Cochabamba hab\u00edan sido suspendidas.<br \/>\nDesde la ciudad de La Paz tambi\u00e9n se hab\u00edan suspendido las salidas de buses a las ciudades de Cochabamba y Santa Cruz, principalmente.<br \/>\n\u201cSe aprueba, temporal y provisionalmente, por el lapso de 60 d\u00edas calendario, la nueva estructura tarifaria de transporte de pasajeros en Quillacollo, en las modalidades de trufis, minibuses, microbuses y taxitrufis de todas las rutas hasta el \u00d3rgano Ejecutivo promueva desarrolle y consolide el correspondiente proceso de socializaci\u00f3n de la escala de pasajes a la poblaci\u00f3n en general\u201d, se lee en parte de la disposici\u00f3n aprobada por el Concejo Municipal de Quillacollo.<br \/>\nLas Organizaciones Territoriales de Base (OTBs) de Quillacollo se opusieron al incremento del pasaje, pero su posici\u00f3n no fue escuchada.<\/p>\n","protected":false},"excerpt":{"rendered":"<p>Despu\u00e9s de dos d\u00edas de protesta, transportistas de Quillacollo, Cochabamba, levantaron el bloqueo de caminos en la v\u00eda al occidente del pa\u00eds, luego de que el Concejo aprob\u00f3 el incremento temporal del pasaje en el transporte p\u00fablico de Bs 1,20 a Bs 1,50. A ra\u00edz de esta determinaci\u00f3n, la circulaci\u00f3n vehicular sobre la avenida Blanco [&hellip;]<\/p>\n","protected":false},"author":1,"featured_media":163,"comment_status":"","ping_status":"open","sticky":false,"template":"","format":"standard","meta":{"pagelayer_contact_templates":[],"_pagelayer_content":"","footnotes":""},"categories":[22],"tags":[],"class_list":{"0":"post-162","1":"post","2":"type-post","3":"status-publish","4":"format-standard","5":"has-post-thumbnail","7":"category-social"},"_links":{"self":[{"href":"https:\/\/jms.com.bo\/mediamonitorbo\/wp-json\/wp\/v2\/posts\/162","targetHints":{"allow":["GET"]}}],"collection":[{"href":"https:\/\/jms.com.bo\/mediamonitorbo\/wp-json\/wp\/v2\/posts"}],"about":[{"href":"https:\/\/jms.com.bo\/mediamonitorbo\/wp-json\/wp\/v2\/types\/post"}],"author":[{"embeddable":true,"href":"https:\/\/jms.com.bo\/mediamonitorbo\/wp-json\/wp\/v2\/users\/1"}],"replies":[{"embeddable":true,"href":"https:\/\/jms.com.bo\/mediamonitorbo\/wp-json\/wp\/v2\/comments?post=162"}],"version-history":[{"count":0,"href":"https:\/\/jms.com.bo\/mediamonitorbo\/wp-json\/wp\/v2\/posts\/162\/revisions"}],"wp:featuredmedia":[{"embeddable":true,"href":"https:\/\/jms.com.bo\/mediamonitorbo\/wp-json\/wp\/v2\/media\/163"}],"wp:attachment":[{"href":"https:\/\/jms.com.bo\/mediamonitorbo\/wp-json\/wp\/v2\/media?parent=162"}],"wp:term":[{"taxonomy":"category","embeddable":true,"href":"https:\/\/jms.com.bo\/mediamonitorbo\/wp-json\/wp\/v2\/categories?post=162"},{"taxonomy":"post_tag","embeddable":true,"href":"https:\/\/jms.com.bo\/mediamonitorbo\/wp-json\/wp\/v2\/tags?post=162"}],"curies":[{"name":"wp","href":"https:\/\/api.w.org\/{rel}","templated":true}]}}