{"id":1634,"date":"2025-02-10T07:16:25","date_gmt":"2025-02-10T11:16:25","guid":{"rendered":"https:\/\/jms.com.bo\/mediamonitorbo\/2025\/02\/10\/silva-paro-contra-la-disposicion-septima-protege-indirectamente-al-contrabando\/"},"modified":"2025-02-10T07:16:25","modified_gmt":"2025-02-10T11:16:25","slug":"silva-paro-contra-la-disposicion-septima-protege-indirectamente-al-contrabando","status":"publish","type":"post","link":"https:\/\/jms.com.bo\/mediamonitorbo\/2025\/02\/10\/silva-paro-contra-la-disposicion-septima-protege-indirectamente-al-contrabando\/","title":{"rendered":"Silva: Paro contra la disposici\u00f3n s\u00e9ptima protege indirectamente al contrabando"},"content":{"rendered":"<p>El viceministro de Defensa del Consumidor, Jorge Silva, calific\u00f3 de innecesario y contradictorio el paro que realizar\u00e1n el lunes varios sectores del pa\u00eds y dijo que, al negarse a dialogar y movilizarse, estos grupos est\u00e1n protegiendo indirectamente al contrabando.<br \/>\nGremiales, exportadores, productores, industriales y transportistas parar\u00e1n el lunes en demanda de la abrogaci\u00f3n de la disposici\u00f3n s\u00e9ptima de la Ley Financial; sobre decomisos y confiscaciones.<br \/>\n\u201cEs un paro contradictorio porque normalmente el sector productivo y de industria se ha opuesto a los paros porque les genera p\u00e9rdidas y es innecesario porque esta disposici\u00f3n no los va a afectar. Se lo llama al di\u00e1logo y no quieren venir; entonces qu\u00e9 se puede hace si no pensar que indirectamente est\u00e1n protegiendo, fomentando al contrabando\u201d, dijo Silva en conferencia de prensa.<br \/>\nAsegur\u00f3 que la norma est\u00e1 concebida para luchar contra los contrabandistas y para poder reglamentarla se convoc\u00f3 al di\u00e1logo a varios sectores; sin embargo, justamente los que se niegan a asistir a esas reuniones son los que el lunes se movilizar\u00e1n.<br \/>\nContrabando<br \/>\nAsimismo, asegur\u00f3 que la actitud de estos sectores es pol\u00edtica, \u201cde lo contrario vendr\u00edan al di\u00e1logo\u201d a debatir: y neg\u00f3 que el Gobierno est\u00e9 invitando solo a sectores afines.<br \/>\nExhort\u00f3 a los sectores movilizados a reflexionar y acudir al di\u00e1logo a justificar sus cuestionamientos y debatir; como hizo ya un sector de los gremiales que firm\u00f3 un acuerdo para no participar del paro multisectorial.<br \/>\n\u201cPonen excusas fuera de la realidad, est\u00e1n diciendo que nos vamos a entrar a las tienditas, que les vamos a quitar la mercader\u00eda; que vamos a vulnerar la propiedad privada; son argumentos totalmente falsos\u201d.<br \/>\nAnunci\u00f3, adem\u00e1s, que la pr\u00f3xima semana se reunir\u00e1 con la Confederaci\u00f3n de Empresarios Privados de Bolivia (CEPB) para evaluar la norma y con la Confederaci\u00f3n de Gremiales.<br \/>\nRespecto a la posibilidad de derogar la disposici\u00f3n observada, dijo que no es tuici\u00f3n del Gobierno porque se trata de una ley y es atribuci\u00f3n de la Asamblea Legislativa, donde \u201cla usan pol\u00edticamente para derogar m\u00e1s art\u00edculos\u201d del PGE.<\/p>\n","protected":false},"excerpt":{"rendered":"<p>El viceministro de Defensa del Consumidor, Jorge Silva, calific\u00f3 de innecesario y contradictorio el paro que realizar\u00e1n el lunes varios sectores del pa\u00eds y dijo que, al negarse a dialogar y movilizarse, estos grupos est\u00e1n protegiendo indirectamente al contrabando. Gremiales, exportadores, productores, industriales y transportistas parar\u00e1n el lunes en demanda de la abrogaci\u00f3n de la [&hellip;]<\/p>\n","protected":false},"author":1,"featured_media":1635,"comment_status":"","ping_status":"open","sticky":false,"template":"","format":"standard","meta":{"pagelayer_contact_templates":[],"_pagelayer_content":"","footnotes":""},"categories":[22],"tags":[],"class_list":{"0":"post-1634","1":"post","2":"type-post","3":"status-publish","4":"format-standard","5":"has-post-thumbnail","7":"category-social"},"_links":{"self":[{"href":"https:\/\/jms.com.bo\/mediamonitorbo\/wp-json\/wp\/v2\/posts\/1634","targetHints":{"allow":["GET"]}}],"collection":[{"href":"https:\/\/jms.com.bo\/mediamonitorbo\/wp-json\/wp\/v2\/posts"}],"about":[{"href":"https:\/\/jms.com.bo\/mediamonitorbo\/wp-json\/wp\/v2\/types\/post"}],"author":[{"embeddable":true,"href":"https:\/\/jms.com.bo\/mediamonitorbo\/wp-json\/wp\/v2\/users\/1"}],"replies":[{"embeddable":true,"href":"https:\/\/jms.com.bo\/mediamonitorbo\/wp-json\/wp\/v2\/comments?post=1634"}],"version-history":[{"count":0,"href":"https:\/\/jms.com.bo\/mediamonitorbo\/wp-json\/wp\/v2\/posts\/1634\/revisions"}],"wp:featuredmedia":[{"embeddable":true,"href":"https:\/\/jms.com.bo\/mediamonitorbo\/wp-json\/wp\/v2\/media\/1635"}],"wp:attachment":[{"href":"https:\/\/jms.com.bo\/mediamonitorbo\/wp-json\/wp\/v2\/media?parent=1634"}],"wp:term":[{"taxonomy":"category","embeddable":true,"href":"https:\/\/jms.com.bo\/mediamonitorbo\/wp-json\/wp\/v2\/categories?post=1634"},{"taxonomy":"post_tag","embeddable":true,"href":"https:\/\/jms.com.bo\/mediamonitorbo\/wp-json\/wp\/v2\/tags?post=1634"}],"curies":[{"name":"wp","href":"https:\/\/api.w.org\/{rel}","templated":true}]}}