{"id":1636,"date":"2025-02-10T07:15:10","date_gmt":"2025-02-10T11:15:10","guid":{"rendered":"https:\/\/jms.com.bo\/mediamonitorbo\/2025\/02\/10\/empresas-de-transporte-internacional-de-cisternas-se-declaran-en-emergencia\/"},"modified":"2025-02-10T07:15:10","modified_gmt":"2025-02-10T11:15:10","slug":"empresas-de-transporte-internacional-de-cisternas-se-declaran-en-emergencia","status":"publish","type":"post","link":"https:\/\/jms.com.bo\/mediamonitorbo\/2025\/02\/10\/empresas-de-transporte-internacional-de-cisternas-se-declaran-en-emergencia\/","title":{"rendered":"Empresas de transporte internacional de cisternas se declaran en emergencia"},"content":{"rendered":"<p>Las empresas de Transporte Internacional de Hidrocarburos L\u00edquidos por Cisternas \u201cSector Occidente\u201d se declaran en emergencia por la situaci\u00f3n actual referida a los procesos de selecci\u00f3n y contrataci\u00f3n del Servicio de Transporte Internacional de Hidrocarburos L\u00edquidos por cisternas gesti\u00f3n 2025.<br \/>\nEl sector solicit\u00f3 a las autoridades de Yacimientos Petrol\u00edferos Fiscales Bolivianos (YPFB) y el Ministerio de Hidrocarburos, participar en las reuniones previas con el sector para abordar esta situaci\u00f3n.<br \/>\nLos puntos que tocar\u00e1n son: Revisi\u00f3n e incremento de fletes de transporte para la gesti\u00f3n 2025; an\u00e1lisis del volumen a transportar proyectados para la presente gesti\u00f3n (sector sur, oriente y occidente) y an\u00e1lisis de los costos de importaci\u00f3n.<br \/>\n\u201cExpresamos nuestra solidaridad y nos adherimos a las peticiones efectuadas por el Transporte del Sector Sur\/ oriente\u201d, finaliza el comunicado.<\/p>\n","protected":false},"excerpt":{"rendered":"<p>Las empresas de Transporte Internacional de Hidrocarburos L\u00edquidos por Cisternas \u201cSector Occidente\u201d se declaran en emergencia por la situaci\u00f3n actual referida a los procesos de selecci\u00f3n y contrataci\u00f3n del Servicio de Transporte Internacional de Hidrocarburos L\u00edquidos por cisternas gesti\u00f3n 2025. El sector solicit\u00f3 a las autoridades de Yacimientos Petrol\u00edferos Fiscales Bolivianos (YPFB) y el Ministerio [&hellip;]<\/p>\n","protected":false},"author":1,"featured_media":1637,"comment_status":"","ping_status":"open","sticky":false,"template":"","format":"standard","meta":{"pagelayer_contact_templates":[],"_pagelayer_content":"","footnotes":""},"categories":[22],"tags":[],"class_list":{"0":"post-1636","1":"post","2":"type-post","3":"status-publish","4":"format-standard","5":"has-post-thumbnail","7":"category-social"},"_links":{"self":[{"href":"https:\/\/jms.com.bo\/mediamonitorbo\/wp-json\/wp\/v2\/posts\/1636","targetHints":{"allow":["GET"]}}],"collection":[{"href":"https:\/\/jms.com.bo\/mediamonitorbo\/wp-json\/wp\/v2\/posts"}],"about":[{"href":"https:\/\/jms.com.bo\/mediamonitorbo\/wp-json\/wp\/v2\/types\/post"}],"author":[{"embeddable":true,"href":"https:\/\/jms.com.bo\/mediamonitorbo\/wp-json\/wp\/v2\/users\/1"}],"replies":[{"embeddable":true,"href":"https:\/\/jms.com.bo\/mediamonitorbo\/wp-json\/wp\/v2\/comments?post=1636"}],"version-history":[{"count":0,"href":"https:\/\/jms.com.bo\/mediamonitorbo\/wp-json\/wp\/v2\/posts\/1636\/revisions"}],"wp:featuredmedia":[{"embeddable":true,"href":"https:\/\/jms.com.bo\/mediamonitorbo\/wp-json\/wp\/v2\/media\/1637"}],"wp:attachment":[{"href":"https:\/\/jms.com.bo\/mediamonitorbo\/wp-json\/wp\/v2\/media?parent=1636"}],"wp:term":[{"taxonomy":"category","embeddable":true,"href":"https:\/\/jms.com.bo\/mediamonitorbo\/wp-json\/wp\/v2\/categories?post=1636"},{"taxonomy":"post_tag","embeddable":true,"href":"https:\/\/jms.com.bo\/mediamonitorbo\/wp-json\/wp\/v2\/tags?post=1636"}],"curies":[{"name":"wp","href":"https:\/\/api.w.org\/{rel}","templated":true}]}}