{"id":1638,"date":"2025-02-10T07:13:55","date_gmt":"2025-02-10T11:13:55","guid":{"rendered":"https:\/\/jms.com.bo\/mediamonitorbo\/2025\/02\/10\/dirigente-gremial-advierte-con-radicalizar-protestas-si-el-gobierno-no-deroga-la-disposicion-septima-del-pge\/"},"modified":"2025-02-10T07:13:55","modified_gmt":"2025-02-10T11:13:55","slug":"dirigente-gremial-advierte-con-radicalizar-protestas-si-el-gobierno-no-deroga-la-disposicion-septima-del-pge","status":"publish","type":"post","link":"https:\/\/jms.com.bo\/mediamonitorbo\/2025\/02\/10\/dirigente-gremial-advierte-con-radicalizar-protestas-si-el-gobierno-no-deroga-la-disposicion-septima-del-pge\/","title":{"rendered":"Dirigente gremial advierte con radicalizar protestas si el Gobierno no deroga la disposici\u00f3n s\u00e9ptima del PGE"},"content":{"rendered":"<p>El sector gremial radicalizar\u00e1 medidas de protesta contra el gobierno de Luis Arce si no deroga la disposici\u00f3n adicional s\u00e9ptima del Presupuesto General del Estado (PGE) 2025, advirti\u00f3 el secretario ejecutivo de la Confederaci\u00f3n Sindical de Trabajadores Gremiales de Bolivia, C\u00e9sar Gonz\u00e1lez.<br \/>\nSeg\u00fan Gonz\u00e1lez, en un ampliado sectorial se decidir\u00e1 el siguiente paso luego del paro movilizado a efectuarse este lunes en todo el pa\u00eds.<br \/>\n\u00abEsperamos no llegar a eso porque es importante producir m\u00e1s para bajar el precio de los productos. De esa manera se genera riqueza y circulante econ\u00f3mico\u00bb, declar\u00f3 Gonz\u00e1lez a EL DEBER.<br \/>\nAsimismo, se refiri\u00f3 que m\u00e1s de 50 organizaciones gremiales del pa\u00eds acatar\u00e1n el paro movilizado de este lunes para persuadir al Gobierno central la derogatoria de esa normativa incorporada en el presupuesto de 2025.<br \/>\nEl dirigente estim\u00f3 la participaci\u00f3n de m\u00e1s de 30 mil gremialistas en el paro, con concentraciones en diferentes puntos del pa\u00eds.<br \/>\n\u00abEn cada departamento tienen sus particularidades y se va a organizar de manera independiente. Debe ser contundente para que el Gobierno derogue la disposici\u00f3n s\u00e9ptima y el Decreto 4701 para crear una empresa agropecuaria porque la verdadera intenci\u00f3n gubernamental es dejar sin empleo al 85% de la poblaci\u00f3n en Bolivia\u00bb, expres\u00f3.<br \/>\nEl exdirigente gremial Willy Castro espera que todos los gremialistas sean part\u00edcipes del paro convocado por el Comit\u00e9 Multisectorial de la cadena productiva.<br \/>\nEn su criterio, el sector debe estar unido en estas \u201cjustas demandas\u201d debido a que el Gobierno busca \u201catentar\u201d sus derechos a la propiedad privada con leyes \u00abfabricadas\u00bb.<br \/>\nLa disposici\u00f3n adicional s\u00e9ptima fue incorporada en el PGE para las confiscaciones de productos alimenticios o mercader\u00eda que se intenten almacenar con fines de agio y especulaci\u00f3n de los precios.<\/p>\n","protected":false},"excerpt":{"rendered":"<p>El sector gremial radicalizar\u00e1 medidas de protesta contra el gobierno de Luis Arce si no deroga la disposici\u00f3n adicional s\u00e9ptima del Presupuesto General del Estado (PGE) 2025, advirti\u00f3 el secretario ejecutivo de la Confederaci\u00f3n Sindical de Trabajadores Gremiales de Bolivia, C\u00e9sar Gonz\u00e1lez. Seg\u00fan Gonz\u00e1lez, en un ampliado sectorial se decidir\u00e1 el siguiente paso luego del [&hellip;]<\/p>\n","protected":false},"author":1,"featured_media":1639,"comment_status":"","ping_status":"open","sticky":false,"template":"","format":"standard","meta":{"pagelayer_contact_templates":[],"_pagelayer_content":"","footnotes":""},"categories":[22],"tags":[],"class_list":{"0":"post-1638","1":"post","2":"type-post","3":"status-publish","4":"format-standard","5":"has-post-thumbnail","7":"category-social"},"_links":{"self":[{"href":"https:\/\/jms.com.bo\/mediamonitorbo\/wp-json\/wp\/v2\/posts\/1638","targetHints":{"allow":["GET"]}}],"collection":[{"href":"https:\/\/jms.com.bo\/mediamonitorbo\/wp-json\/wp\/v2\/posts"}],"about":[{"href":"https:\/\/jms.com.bo\/mediamonitorbo\/wp-json\/wp\/v2\/types\/post"}],"author":[{"embeddable":true,"href":"https:\/\/jms.com.bo\/mediamonitorbo\/wp-json\/wp\/v2\/users\/1"}],"replies":[{"embeddable":true,"href":"https:\/\/jms.com.bo\/mediamonitorbo\/wp-json\/wp\/v2\/comments?post=1638"}],"version-history":[{"count":0,"href":"https:\/\/jms.com.bo\/mediamonitorbo\/wp-json\/wp\/v2\/posts\/1638\/revisions"}],"wp:featuredmedia":[{"embeddable":true,"href":"https:\/\/jms.com.bo\/mediamonitorbo\/wp-json\/wp\/v2\/media\/1639"}],"wp:attachment":[{"href":"https:\/\/jms.com.bo\/mediamonitorbo\/wp-json\/wp\/v2\/media?parent=1638"}],"wp:term":[{"taxonomy":"category","embeddable":true,"href":"https:\/\/jms.com.bo\/mediamonitorbo\/wp-json\/wp\/v2\/categories?post=1638"},{"taxonomy":"post_tag","embeddable":true,"href":"https:\/\/jms.com.bo\/mediamonitorbo\/wp-json\/wp\/v2\/tags?post=1638"}],"curies":[{"name":"wp","href":"https:\/\/api.w.org\/{rel}","templated":true}]}}