{"id":1644,"date":"2025-02-07T07:31:01","date_gmt":"2025-02-07T11:31:01","guid":{"rendered":"https:\/\/jms.com.bo\/mediamonitorbo\/2025\/02\/07\/cisterneros-se-declaran-en-emergencia-y-advierten-con-paralizar-carga-de-combustible\/"},"modified":"2025-02-07T07:31:01","modified_gmt":"2025-02-07T11:31:01","slug":"cisterneros-se-declaran-en-emergencia-y-advierten-con-paralizar-carga-de-combustible","status":"publish","type":"post","link":"https:\/\/jms.com.bo\/mediamonitorbo\/2025\/02\/07\/cisterneros-se-declaran-en-emergencia-y-advierten-con-paralizar-carga-de-combustible\/","title":{"rendered":"Cisterneros se declaran en emergencia y advierten con paralizar carga de combustible"},"content":{"rendered":"<p>La Federaci\u00f3n de Cisterneros del Oriente anunci\u00f3 este jueves su estado de emergencia ante la falta de un acuerdo con Yacimientos Petrol\u00edferos Fiscales Bolivianos (YPFB) exige un ajuste del 20% en sus tarifas y advierte que, de no obtener una respuesta, suspender\u00e1n la carga de di\u00e9sel y gasolina.<br \/>\nMaikol Monta\u00f1o, presidente del gremio, expres\u00f3 su descontento con la oferta de YPFB, que propuso un aumento del 3%, cifra que los transportistas consideran insuficiente. \u00abNosotros hemos pedido un 20% de incremento; ayer el transporte p\u00fablico de Santa Cruz recibi\u00f3 un 15% de aumento. No nos cerramos en el precio, estamos abiertos al di\u00e1logo para consensuar y buscar un punto medio\u00bb, afirm\u00f3 Monta\u00f1o.<br \/>\nLos cisterneros han instalado una vigilia en las puertas de YPFB en Santa Cruz, a la espera de una respuesta concreta. \u00abSi ma\u00f1ana no nos atienden, tomaremos medidas. No descartamos suspender la carga de combustible, lo que afectar\u00eda el abastecimiento a nivel nacional\u00bb, advirti\u00f3 el dirigente.<br \/>\nEl conflicto surge en un contexto de presiones por ajustes en las tarifas de distintos sectores del transporte, luego de que la Alcald\u00eda de Santa Cruz aprobara un aumento en el precio del pasaje del transporte p\u00fablico. La medida de los cisterneros podr\u00eda generar un impacto en la distribuci\u00f3n de combustibles, afectando a la econom\u00eda y al normal desarrollo de actividades en el pa\u00eds.<\/p>\n","protected":false},"excerpt":{"rendered":"<p>La Federaci\u00f3n de Cisterneros del Oriente anunci\u00f3 este jueves su estado de emergencia ante la falta de un acuerdo con Yacimientos Petrol\u00edferos Fiscales Bolivianos (YPFB) exige un ajuste del 20% en sus tarifas y advierte que, de no obtener una respuesta, suspender\u00e1n la carga de di\u00e9sel y gasolina. Maikol Monta\u00f1o, presidente del gremio, expres\u00f3 su [&hellip;]<\/p>\n","protected":false},"author":1,"featured_media":1645,"comment_status":"","ping_status":"open","sticky":false,"template":"","format":"standard","meta":{"pagelayer_contact_templates":[],"_pagelayer_content":"","footnotes":""},"categories":[23,17,24,25],"tags":[],"class_list":{"0":"post-1644","1":"post","2":"type-post","3":"status-publish","4":"format-standard","5":"has-post-thumbnail","7":"category-bolivia","8":"category-oil-gas","9":"category-portada-general-sitio","10":"category-portada-oil-gas"},"_links":{"self":[{"href":"https:\/\/jms.com.bo\/mediamonitorbo\/wp-json\/wp\/v2\/posts\/1644","targetHints":{"allow":["GET"]}}],"collection":[{"href":"https:\/\/jms.com.bo\/mediamonitorbo\/wp-json\/wp\/v2\/posts"}],"about":[{"href":"https:\/\/jms.com.bo\/mediamonitorbo\/wp-json\/wp\/v2\/types\/post"}],"author":[{"embeddable":true,"href":"https:\/\/jms.com.bo\/mediamonitorbo\/wp-json\/wp\/v2\/users\/1"}],"replies":[{"embeddable":true,"href":"https:\/\/jms.com.bo\/mediamonitorbo\/wp-json\/wp\/v2\/comments?post=1644"}],"version-history":[{"count":0,"href":"https:\/\/jms.com.bo\/mediamonitorbo\/wp-json\/wp\/v2\/posts\/1644\/revisions"}],"wp:featuredmedia":[{"embeddable":true,"href":"https:\/\/jms.com.bo\/mediamonitorbo\/wp-json\/wp\/v2\/media\/1645"}],"wp:attachment":[{"href":"https:\/\/jms.com.bo\/mediamonitorbo\/wp-json\/wp\/v2\/media?parent=1644"}],"wp:term":[{"taxonomy":"category","embeddable":true,"href":"https:\/\/jms.com.bo\/mediamonitorbo\/wp-json\/wp\/v2\/categories?post=1644"},{"taxonomy":"post_tag","embeddable":true,"href":"https:\/\/jms.com.bo\/mediamonitorbo\/wp-json\/wp\/v2\/tags?post=1644"}],"curies":[{"name":"wp","href":"https:\/\/api.w.org\/{rel}","templated":true}]}}