{"id":1677,"date":"2025-02-07T06:46:17","date_gmt":"2025-02-07T10:46:17","guid":{"rendered":"https:\/\/jms.com.bo\/mediamonitorbo\/2025\/02\/07\/salud-acatara-un-paro-de-seis-dias\/"},"modified":"2025-02-07T06:46:17","modified_gmt":"2025-02-07T10:46:17","slug":"salud-acatara-un-paro-de-seis-dias","status":"publish","type":"post","link":"https:\/\/jms.com.bo\/mediamonitorbo\/2025\/02\/07\/salud-acatara-un-paro-de-seis-dias\/","title":{"rendered":"Salud acatar\u00e1 un paro de seis d\u00edas"},"content":{"rendered":"<p>Ante la falta de respuesta de las autoridades al pedido de los trabajadores del sector salud, que buscan un reemplazo de la directiva del Sedes, acatar\u00e1n un paro de 144 horas a partir del martes 11 de febrero.<br \/>\nRepresentantes del sector se\u00f1alaron que desde la anterior gesti\u00f3n hicieron conocer su pedido, que busca reemplazar a la directiva del Sedes, en particular al director, encargado de Recursos Humanos y Asesor Legal de la instituci\u00f3n.<br \/>\nAl respecto, se\u00f1alan que hay una crisis institucional en el Servicio Departamental de Salud, donde las designaciones en los puestos tienen car\u00e1cter pol\u00edtico.<br \/>\nEl 2 de diciembre de la pasada gesti\u00f3n, una asamblea general de trabajadores de salud a nivel departamental determin\u00f3 dar un cuarto intermedio a las autoridades hasta el 10 de enero.<br \/>\nAnte la falta de acciones, el pasado 3 de febrero, se determin\u00f3 proseguir con las movilizaciones. Las mismas ser\u00e1n apoyadas por el Colegio M\u00e9dico Departamental de Tarija y los afiliados al mismo.<\/p>\n","protected":false},"excerpt":{"rendered":"<p>Ante la falta de respuesta de las autoridades al pedido de los trabajadores del sector salud, que buscan un reemplazo de la directiva del Sedes, acatar\u00e1n un paro de 144 horas a partir del martes 11 de febrero. Representantes del sector se\u00f1alaron que desde la anterior gesti\u00f3n hicieron conocer su pedido, que busca reemplazar a [&hellip;]<\/p>\n","protected":false},"author":1,"featured_media":1678,"comment_status":"","ping_status":"open","sticky":false,"template":"","format":"standard","meta":{"pagelayer_contact_templates":[],"_pagelayer_content":"","footnotes":""},"categories":[22],"tags":[],"class_list":{"0":"post-1677","1":"post","2":"type-post","3":"status-publish","4":"format-standard","5":"has-post-thumbnail","7":"category-social"},"_links":{"self":[{"href":"https:\/\/jms.com.bo\/mediamonitorbo\/wp-json\/wp\/v2\/posts\/1677","targetHints":{"allow":["GET"]}}],"collection":[{"href":"https:\/\/jms.com.bo\/mediamonitorbo\/wp-json\/wp\/v2\/posts"}],"about":[{"href":"https:\/\/jms.com.bo\/mediamonitorbo\/wp-json\/wp\/v2\/types\/post"}],"author":[{"embeddable":true,"href":"https:\/\/jms.com.bo\/mediamonitorbo\/wp-json\/wp\/v2\/users\/1"}],"replies":[{"embeddable":true,"href":"https:\/\/jms.com.bo\/mediamonitorbo\/wp-json\/wp\/v2\/comments?post=1677"}],"version-history":[{"count":0,"href":"https:\/\/jms.com.bo\/mediamonitorbo\/wp-json\/wp\/v2\/posts\/1677\/revisions"}],"wp:featuredmedia":[{"embeddable":true,"href":"https:\/\/jms.com.bo\/mediamonitorbo\/wp-json\/wp\/v2\/media\/1678"}],"wp:attachment":[{"href":"https:\/\/jms.com.bo\/mediamonitorbo\/wp-json\/wp\/v2\/media?parent=1677"}],"wp:term":[{"taxonomy":"category","embeddable":true,"href":"https:\/\/jms.com.bo\/mediamonitorbo\/wp-json\/wp\/v2\/categories?post=1677"},{"taxonomy":"post_tag","embeddable":true,"href":"https:\/\/jms.com.bo\/mediamonitorbo\/wp-json\/wp\/v2\/tags?post=1677"}],"curies":[{"name":"wp","href":"https:\/\/api.w.org\/{rel}","templated":true}]}}