{"id":1679,"date":"2025-02-07T06:44:33","date_gmt":"2025-02-07T10:44:33","guid":{"rendered":"https:\/\/jms.com.bo\/mediamonitorbo\/2025\/02\/07\/cao-exige-levantar-el-veto-a-la-exportacion-de-carne-y-el-cambio-de-viceministros-del-area\/"},"modified":"2025-02-07T06:44:33","modified_gmt":"2025-02-07T10:44:33","slug":"cao-exige-levantar-el-veto-a-la-exportacion-de-carne-y-el-cambio-de-viceministros-del-area","status":"publish","type":"post","link":"https:\/\/jms.com.bo\/mediamonitorbo\/2025\/02\/07\/cao-exige-levantar-el-veto-a-la-exportacion-de-carne-y-el-cambio-de-viceministros-del-area\/","title":{"rendered":"CAO exige levantar el veto a la exportaci\u00f3n de carne y el cambio de viceministros del \u00e1rea"},"content":{"rendered":"<p>La C\u00e1mara Agropecuaria del Oriente (CAO) exigi\u00f3 este jueves al gobierno de Luis Arce levantar de manera inmediata la suspensi\u00f3n temporal de las exportaciones de carne, anunciadas el mi\u00e9rcoles.<br \/>\nLa m\u00e1xima instituci\u00f3n agropecuaria de Santa Cruz se reuni\u00f3 de emergencia con sus sectores afiliados ante la reciente medida del gobierno. La entidad tambi\u00e9n solicit\u00f3 al presidente Arce el cambio inmediato de viceministros del \u00e1rea, ya que considera que por su falta de capacidad generan mayores problemas en el abastecimiento de productos.<br \/>\nLa CAO remarca que todas las medidas restrictivas como el veto a las exportaciones, imposici\u00f3n de banda de precios y otras limitaciones han sido un fracaso y en vez de alcanzar los objetivos generaron mayor desabastecimiento.<br \/>\nMencion\u00f3 casos anteriores como el del arroz y el ma\u00edz, que hasta el 2010 cubr\u00edan la demanda interna y hasta se vend\u00edan al exterior algunos excedentes, pero desde que se aplicaron restricciones a la exportaci\u00f3n, ambos productos comenzaron a ser insuficientes y hoy la poblaci\u00f3n paga las consecuencias de esas decisiones equivocadas.<br \/>\n\u201cHoy se pretende mostrar a la poblaci\u00f3n que el Gobierno se preocupa por la crisis econ\u00f3mica que atraviesan las familias bolivianas, restringiendo las exportaciones de carne, sin embargo, en el fondo la mala situaci\u00f3n econ\u00f3mica es debido al mal manejo de la econom\u00eda que no es responsabilidad de los productores\u201d, enfatiz\u00f3 la CAO.<br \/>\nSeg\u00fan cifras de la entidad, se produjeron 348.113 toneladas de carne y se autoriz\u00f3 un cupo para exportaci\u00f3n de 41.745, lo equivale solo al 12% del total. \u201cEsto desnuda el manejo irresponsable y show medi\u00e1tico de las medidas sin importar las consecuencias del futuro para la poblaci\u00f3n\u201d, critic\u00f3 la CAO.<br \/>\nLa Federaci\u00f3n de Ganaderos de Santa Cruz (Fegasacruz) cancel\u00f3 una reuni\u00f3n que ten\u00eda prevista con el gobierno este jueves, debido a la medida aplicada por el gobierno. Desde el nivel central minimizan el impacto aduciendo que esta es una \u00e9poca del a\u00f1o en la que se exporta poco y adem\u00e1s que el sector no perder\u00e1 porque podr\u00e1 vender la carne en el mercado local.<br \/>\n\u201cLa escasez de d\u00f3lares es evidente, pero la respuesta del gobierno es ir\u00f3nica: proh\u00edbe la exportaci\u00f3n de carne, un sector que precisamente genera divisas. Esta medida parece una contradicci\u00f3n en s\u00ed misma\u201d, coment\u00f3 el economista Gonzalo Ch\u00e1vez, al criticar adem\u00e1s que el gobierno recurra a medidas policiacas para frenar la inflaci\u00f3n.<\/p>\n","protected":false},"excerpt":{"rendered":"<p>La C\u00e1mara Agropecuaria del Oriente (CAO) exigi\u00f3 este jueves al gobierno de Luis Arce levantar de manera inmediata la suspensi\u00f3n temporal de las exportaciones de carne, anunciadas el mi\u00e9rcoles. La m\u00e1xima instituci\u00f3n agropecuaria de Santa Cruz se reuni\u00f3 de emergencia con sus sectores afiliados ante la reciente medida del gobierno. La entidad tambi\u00e9n solicit\u00f3 al [&hellip;]<\/p>\n","protected":false},"author":1,"featured_media":1680,"comment_status":"","ping_status":"open","sticky":false,"template":"","format":"standard","meta":{"pagelayer_contact_templates":[],"_pagelayer_content":"","footnotes":""},"categories":[26],"tags":[],"class_list":{"0":"post-1679","1":"post","2":"type-post","3":"status-publish","4":"format-standard","5":"has-post-thumbnail","7":"category-alimentos-y-agroindustria"},"_links":{"self":[{"href":"https:\/\/jms.com.bo\/mediamonitorbo\/wp-json\/wp\/v2\/posts\/1679","targetHints":{"allow":["GET"]}}],"collection":[{"href":"https:\/\/jms.com.bo\/mediamonitorbo\/wp-json\/wp\/v2\/posts"}],"about":[{"href":"https:\/\/jms.com.bo\/mediamonitorbo\/wp-json\/wp\/v2\/types\/post"}],"author":[{"embeddable":true,"href":"https:\/\/jms.com.bo\/mediamonitorbo\/wp-json\/wp\/v2\/users\/1"}],"replies":[{"embeddable":true,"href":"https:\/\/jms.com.bo\/mediamonitorbo\/wp-json\/wp\/v2\/comments?post=1679"}],"version-history":[{"count":0,"href":"https:\/\/jms.com.bo\/mediamonitorbo\/wp-json\/wp\/v2\/posts\/1679\/revisions"}],"wp:featuredmedia":[{"embeddable":true,"href":"https:\/\/jms.com.bo\/mediamonitorbo\/wp-json\/wp\/v2\/media\/1680"}],"wp:attachment":[{"href":"https:\/\/jms.com.bo\/mediamonitorbo\/wp-json\/wp\/v2\/media?parent=1679"}],"wp:term":[{"taxonomy":"category","embeddable":true,"href":"https:\/\/jms.com.bo\/mediamonitorbo\/wp-json\/wp\/v2\/categories?post=1679"},{"taxonomy":"post_tag","embeddable":true,"href":"https:\/\/jms.com.bo\/mediamonitorbo\/wp-json\/wp\/v2\/tags?post=1679"}],"curies":[{"name":"wp","href":"https:\/\/api.w.org\/{rel}","templated":true}]}}