{"id":168,"date":"2025-01-31T06:54:31","date_gmt":"2025-01-31T10:54:31","guid":{"rendered":"https:\/\/jms.com.bo\/mediamonitorbo\/2025\/01\/31\/un-nuevo-caso-de-rabia-es-reportado-en-sucre\/"},"modified":"2025-01-31T06:54:31","modified_gmt":"2025-01-31T10:54:31","slug":"un-nuevo-caso-de-rabia-es-reportado-en-sucre","status":"publish","type":"post","link":"https:\/\/jms.com.bo\/mediamonitorbo\/2025\/01\/31\/un-nuevo-caso-de-rabia-es-reportado-en-sucre\/","title":{"rendered":"Un nuevo caso de rabia es reportado en Sucre"},"content":{"rendered":"<p>Solo un d\u00eda tras conocerse del caso en Cochabamba, el departamento de Chuquisaca report\u00f3 este jueves un nuevo positivo a rabia canina. El reporte es del municipio de Sucre, que, con \u00e9ste, suma ya dos casos en el primer mes de esta gesti\u00f3n.<br \/>\n\u201cSe report\u00f3 el segundo caso de rabia canina en el Distrito 3, en un can vagabundo de aproximadamente siete meses de edad auxiliado por una familia. Una vez que inici\u00f3 s\u00edntomas de rabia llamaron al veterinario y se procedi\u00f3 con la eutanasia, tras el procesamiento de la muestra por el Instituto Nacional de Laboratorios de La Paz (Inlasa) se report\u00f3 positivo\u201d, inform\u00f3 el jefe de Epidemiolog\u00eda del Servicio Departamental de Salud (Sedes) Chuquisaca, C\u00e9sar R\u00edos, en Bolivia Tv.<br \/>\nDe acuerdo con el reporte, el can no agredi\u00f3 a ninguna persona, empero, se realizar\u00e1 una vacunaci\u00f3n preventiva.<br \/>\nEl 10 de enero se reportaba el primer caso de rabia en el municipio de Sucre, tambi\u00e9n dentro del Distrito 3.<br \/>\nSolo un d\u00eda antes de ahora este segundo caso en Chuquisaca, el mi\u00e9rcoles, el Sedes Cochabamba confirm\u00f3 su primer positivo de rabia canina del a\u00f1o. En ese caso, el can s\u00ed se conoce que tuvo contacto con dos personas, por lo cual se aplicaron las medidas correspondientes. Esta afecci\u00f3n es mortal y se puede prevenir con la vacunaci\u00f3n.<br \/>\nChuquisaca cerr\u00f3 el 2024 como el departamento con la mayor cantidad de positivos a rabia canina, con 30 (todos en Sucre), del total nacional de 70. Segundo qued\u00f3 Cochabamba, que registr\u00f3 20. Adem\u00e1s, el a\u00f1o pasado hubo tres casos de rabia humana en el pa\u00eds.<\/p>\n","protected":false},"excerpt":{"rendered":"<p>Solo un d\u00eda tras conocerse del caso en Cochabamba, el departamento de Chuquisaca report\u00f3 este jueves un nuevo positivo a rabia canina. El reporte es del municipio de Sucre, que, con \u00e9ste, suma ya dos casos en el primer mes de esta gesti\u00f3n. \u201cSe report\u00f3 el segundo caso de rabia canina en el Distrito 3, [&hellip;]<\/p>\n","protected":false},"author":1,"featured_media":169,"comment_status":"","ping_status":"open","sticky":false,"template":"","format":"standard","meta":{"pagelayer_contact_templates":[],"_pagelayer_content":"","footnotes":""},"categories":[32],"tags":[],"class_list":{"0":"post-168","1":"post","2":"type-post","3":"status-publish","4":"format-standard","5":"has-post-thumbnail","7":"category-salud"},"_links":{"self":[{"href":"https:\/\/jms.com.bo\/mediamonitorbo\/wp-json\/wp\/v2\/posts\/168","targetHints":{"allow":["GET"]}}],"collection":[{"href":"https:\/\/jms.com.bo\/mediamonitorbo\/wp-json\/wp\/v2\/posts"}],"about":[{"href":"https:\/\/jms.com.bo\/mediamonitorbo\/wp-json\/wp\/v2\/types\/post"}],"author":[{"embeddable":true,"href":"https:\/\/jms.com.bo\/mediamonitorbo\/wp-json\/wp\/v2\/users\/1"}],"replies":[{"embeddable":true,"href":"https:\/\/jms.com.bo\/mediamonitorbo\/wp-json\/wp\/v2\/comments?post=168"}],"version-history":[{"count":0,"href":"https:\/\/jms.com.bo\/mediamonitorbo\/wp-json\/wp\/v2\/posts\/168\/revisions"}],"wp:featuredmedia":[{"embeddable":true,"href":"https:\/\/jms.com.bo\/mediamonitorbo\/wp-json\/wp\/v2\/media\/169"}],"wp:attachment":[{"href":"https:\/\/jms.com.bo\/mediamonitorbo\/wp-json\/wp\/v2\/media?parent=168"}],"wp:term":[{"taxonomy":"category","embeddable":true,"href":"https:\/\/jms.com.bo\/mediamonitorbo\/wp-json\/wp\/v2\/categories?post=168"},{"taxonomy":"post_tag","embeddable":true,"href":"https:\/\/jms.com.bo\/mediamonitorbo\/wp-json\/wp\/v2\/tags?post=168"}],"curies":[{"name":"wp","href":"https:\/\/api.w.org\/{rel}","templated":true}]}}