{"id":1683,"date":"2025-02-06T07:33:10","date_gmt":"2025-02-06T11:33:10","guid":{"rendered":"https:\/\/jms.com.bo\/mediamonitorbo\/2025\/02\/06\/cidh-recibira-en-audiencia-a-defensores-ambientales-de-tariquia\/"},"modified":"2025-02-06T07:33:10","modified_gmt":"2025-02-06T11:33:10","slug":"cidh-recibira-en-audiencia-a-defensores-ambientales-de-tariquia","status":"publish","type":"post","link":"https:\/\/jms.com.bo\/mediamonitorbo\/2025\/02\/06\/cidh-recibira-en-audiencia-a-defensores-ambientales-de-tariquia\/","title":{"rendered":"CIDH recibir\u00e1 en audiencia a defensores ambientales de Tariqu\u00eda"},"content":{"rendered":"<p>La Comisi\u00f3n Interamericana de Derechos Humanos (CIDH) acept\u00f3 la solicitud de audiencia sobre criminalizaci\u00f3n a defensores ambientales, presentada en diciembre pasado por la Subcentral Campesina Tariqu\u00eda, la Coordinadora Nacional en Defensa de Territorios Ind\u00edgena Originario Campesinos (CONTIOCAP) y el Centro de Documentaci\u00f3n e Informaci\u00f3n Bolivia (CEDIB).<br \/>\nLa audiencia est\u00e1 fijada para el dia viernes 7 de marzo, a Hrs. 11 am (hora de Washington, misma hora de Bolivia), y ser\u00e1 en la modalidad virtual. As\u00ed lo confirm\u00f3 Tania Reneaum, Secretaria Ejecutiva de esta entidad, mediante una nota fechada el pasado 23 de enero.<br \/>\nLa audiencia abordar\u00e1 la problem\u00e1tica de la criminalizaci\u00f3n a las personas y comunidades que defienden el medioambiente, el agua y sus territorios, hecho que se ha evidenciado con mayor gravedad en el caso de los procesos penales en contra de m\u00e1s de 25 personas de las comunidades de Chiquiac\u00e1, en la Reserva Natural de Flora y Fauna Tariqu\u00eda.<br \/>\nLos procesos interpuestos por las empresas petroleras YPFB y Petrobras Bolivia, se presentaron en contextos de imposici\u00f3n de actividades de exploraci\u00f3n hidrocarbur\u00edfera en la Reserva, que seg\u00fan los expertos afectar\u00eda a un 52% del territorio de esta \u00e1rea protegida ubicada en el departamento de Tarija.<br \/>\nLa solicitud hecha por las tres entidades peticionarias dice: \u00abla audiencia permitir\u00e1 exponer las graves violaciones de derechos humanos derivadas de las actividades extractivas descontroladas y la instrumentalizaci\u00f3n del sistema de justicia para silenciar a quienes defienden el medio ambiente y los derechos de los pueblos ind\u00edgenas\u00bb.<br \/>\nEl objetivo de la audiencia es, precisamente, presentar informaci\u00f3n actualizada sobre el uso del derecho penal por parte de empresas estatales y transnacionales en Bolivia, as\u00ed como otros actores econ\u00f3micos, para criminalizar a defensores del medio ambiente, el territorio y los derechos humanos. \u00abEsta informaci\u00f3n busca evidenciar los patrones de abuso contra quienes ejercen su derecho a la defensa del medio ambiente y los territorios ind\u00edgenas, promoviendo as\u00ed una reflexion critica sobre la situacion y la implementacion de medidas de proteccion efectivas por parte de la CIDH\u00bb, se apunta.<br \/>\nEn la audiencia, si bien se expondr\u00e1 con mayor amplitud el caso de los defensores ambientales de Chiquiac\u00e1, criminalizados por las mencionadas empresas petroleras, se presentar\u00e1n tambi\u00e9n otros casos de persecuci\u00f3n penal en contra de comunarios defensores de su territorio, en contextos de mineria aurifera, como el caso de la comunidad Tres Mar\u00edas, en el municipio de Yanacachi y el caso de los Guardaparques hostigados y criminalizados.<br \/>\nLos peticionarios anunciaron que la pr\u00f3xima semana, desde Tarija, dar\u00e1n una conferencia de prensa para explicar mas detalles de la audiencia y su importancia para la actual situacion de varios defensores ambientales criminalizados en Bolivia.<br \/>\nSobre el caso de las defensoras y defensores de Tariqu\u00eda, asi como el caso de los Guardaparques, tambi\u00e9n se pronunci\u00f3 la Defensor\u00eda del Pueblo y ha recordado al Estado, en el marco de sus compromisos en convenios internacionales, como el Acuerdo de Escazu, la obligaci\u00f3n que \u00e9l tiene de asumir medidas oportunas y efectivas para proteger a los defensores, en vez de criminalizarlos.<\/p>\n","protected":false},"excerpt":{"rendered":"<p>La Comisi\u00f3n Interamericana de Derechos Humanos (CIDH) acept\u00f3 la solicitud de audiencia sobre criminalizaci\u00f3n a defensores ambientales, presentada en diciembre pasado por la Subcentral Campesina Tariqu\u00eda, la Coordinadora Nacional en Defensa de Territorios Ind\u00edgena Originario Campesinos (CONTIOCAP) y el Centro de Documentaci\u00f3n e Informaci\u00f3n Bolivia (CEDIB). La audiencia est\u00e1 fijada para el dia viernes 7 [&hellip;]<\/p>\n","protected":false},"author":1,"featured_media":1684,"comment_status":"","ping_status":"open","sticky":false,"template":"","format":"standard","meta":{"pagelayer_contact_templates":[],"_pagelayer_content":"","footnotes":""},"categories":[23,17,24,25],"tags":[],"class_list":{"0":"post-1683","1":"post","2":"type-post","3":"status-publish","4":"format-standard","5":"has-post-thumbnail","7":"category-bolivia","8":"category-oil-gas","9":"category-portada-general-sitio","10":"category-portada-oil-gas"},"_links":{"self":[{"href":"https:\/\/jms.com.bo\/mediamonitorbo\/wp-json\/wp\/v2\/posts\/1683","targetHints":{"allow":["GET"]}}],"collection":[{"href":"https:\/\/jms.com.bo\/mediamonitorbo\/wp-json\/wp\/v2\/posts"}],"about":[{"href":"https:\/\/jms.com.bo\/mediamonitorbo\/wp-json\/wp\/v2\/types\/post"}],"author":[{"embeddable":true,"href":"https:\/\/jms.com.bo\/mediamonitorbo\/wp-json\/wp\/v2\/users\/1"}],"replies":[{"embeddable":true,"href":"https:\/\/jms.com.bo\/mediamonitorbo\/wp-json\/wp\/v2\/comments?post=1683"}],"version-history":[{"count":0,"href":"https:\/\/jms.com.bo\/mediamonitorbo\/wp-json\/wp\/v2\/posts\/1683\/revisions"}],"wp:featuredmedia":[{"embeddable":true,"href":"https:\/\/jms.com.bo\/mediamonitorbo\/wp-json\/wp\/v2\/media\/1684"}],"wp:attachment":[{"href":"https:\/\/jms.com.bo\/mediamonitorbo\/wp-json\/wp\/v2\/media?parent=1683"}],"wp:term":[{"taxonomy":"category","embeddable":true,"href":"https:\/\/jms.com.bo\/mediamonitorbo\/wp-json\/wp\/v2\/categories?post=1683"},{"taxonomy":"post_tag","embeddable":true,"href":"https:\/\/jms.com.bo\/mediamonitorbo\/wp-json\/wp\/v2\/tags?post=1683"}],"curies":[{"name":"wp","href":"https:\/\/api.w.org\/{rel}","templated":true}]}}