{"id":1694,"date":"2025-02-06T07:11:11","date_gmt":"2025-02-06T11:11:11","guid":{"rendered":"https:\/\/jms.com.bo\/mediamonitorbo\/2025\/02\/06\/cainco-afirma-que-la-suspension-de-exportacion-de-carne-trae-mas-pobreza-al-pais\/"},"modified":"2025-02-06T07:11:11","modified_gmt":"2025-02-06T11:11:11","slug":"cainco-afirma-que-la-suspension-de-exportacion-de-carne-trae-mas-pobreza-al-pais","status":"publish","type":"post","link":"https:\/\/jms.com.bo\/mediamonitorbo\/2025\/02\/06\/cainco-afirma-que-la-suspension-de-exportacion-de-carne-trae-mas-pobreza-al-pais\/","title":{"rendered":"Cainco afirma que la suspensi\u00f3n de exportaci\u00f3n de carne trae m\u00e1s \u2018pobreza\u2019 al pa\u00eds"},"content":{"rendered":"<p>Luego de que el Gobierno suspendiera temporalmente la exportaci\u00f3n de carne de res, la C\u00e1mara de Industria, Comercio, Servicios y Turismo (Cainco) cuestion\u00f3 la medida, se\u00f1alando que menos venta externa podr\u00eda generar \u201cmayor pobreza\u201d para la poblaci\u00f3n.<br \/>\n\u201cLa respuesta del Gobierno es clara: m\u00e1s Estado, menos exportaciones y m\u00e1s pobreza para los bolivianos. Un camino que ya sabemos c\u00f3mo termina\u201d, escribi\u00f3 en sus redes sociales Jean Pierre Antelo, presidente de la Cainco.<br \/>\nCarne<br \/>\nEste mi\u00e9rcoles, el ministro de Desarrollo Productivo y Econom\u00eda Plural, N\u00e9stor Huanca, inform\u00f3 que no se autorizar\u00e1n permisos para la exportaci\u00f3n de carne de res hasta que los precios en el mercado interno se estabilicen.<br \/>\nLa autoridad se\u00f1al\u00f3 que los costos de la carne, en todas sus variantes, incrementaron de manera exagerada en los centros de abasto. Adem\u00e1s, el precio del ganado vivo tambi\u00e9n se encareci\u00f3.<br \/>\nHuanca apunt\u00f3 contra los ganaderos como los principales responsables, pues considera que las condiciones clim\u00e1ticas son favorables y no hay intransitabilidad en las carreteras, por lo que no hay motivos para que los precios se disparen.<br \/>\nAl respecto, Antelo se\u00f1al\u00f3 que, una vez m\u00e1s, el Gobierno pretende responsabilizar a otros sectores por el incremento de precio.<br \/>\n\u201cLa suspensi\u00f3n de exportaciones confirma lo que intu\u00edamos: negar la crisis y apuntar a otros\u201d, protest\u00f3 el presidente de la Cainco, quien hace un par de semanas cuestion\u00f3 al Gobierno la falta de autocr\u00edtica con su gesti\u00f3n y con la toma de decisiones.<br \/>\nAdem\u00e1s de la suspensi\u00f3n de las exportaciones, el ministro Huanca anunci\u00f3 que se doblar\u00e1n los esfuerzos, en coordinaci\u00f3n con el Ministerio de Defensa, para evitar el contrabando a la inversa y los intentos por sacar ganado de a pie a los pa\u00edses vecinos.<br \/>\nLas autorizaciones para exportar carne de res se retomar\u00e1n una vez el precio en el mercado interno se haya normalizado.<\/p>\n","protected":false},"excerpt":{"rendered":"<p>Luego de que el Gobierno suspendiera temporalmente la exportaci\u00f3n de carne de res, la C\u00e1mara de Industria, Comercio, Servicios y Turismo (Cainco) cuestion\u00f3 la medida, se\u00f1alando que menos venta externa podr\u00eda generar \u201cmayor pobreza\u201d para la poblaci\u00f3n. \u201cLa respuesta del Gobierno es clara: m\u00e1s Estado, menos exportaciones y m\u00e1s pobreza para los bolivianos. Un camino [&hellip;]<\/p>\n","protected":false},"author":1,"featured_media":1695,"comment_status":"","ping_status":"open","sticky":false,"template":"","format":"standard","meta":{"pagelayer_contact_templates":[],"_pagelayer_content":"","footnotes":""},"categories":[19,29,24],"tags":[],"class_list":{"0":"post-1694","1":"post","2":"type-post","3":"status-publish","4":"format-standard","5":"has-post-thumbnail","7":"category-economia","8":"category-portada-economia","9":"category-portada-general-sitio"},"_links":{"self":[{"href":"https:\/\/jms.com.bo\/mediamonitorbo\/wp-json\/wp\/v2\/posts\/1694","targetHints":{"allow":["GET"]}}],"collection":[{"href":"https:\/\/jms.com.bo\/mediamonitorbo\/wp-json\/wp\/v2\/posts"}],"about":[{"href":"https:\/\/jms.com.bo\/mediamonitorbo\/wp-json\/wp\/v2\/types\/post"}],"author":[{"embeddable":true,"href":"https:\/\/jms.com.bo\/mediamonitorbo\/wp-json\/wp\/v2\/users\/1"}],"replies":[{"embeddable":true,"href":"https:\/\/jms.com.bo\/mediamonitorbo\/wp-json\/wp\/v2\/comments?post=1694"}],"version-history":[{"count":0,"href":"https:\/\/jms.com.bo\/mediamonitorbo\/wp-json\/wp\/v2\/posts\/1694\/revisions"}],"wp:featuredmedia":[{"embeddable":true,"href":"https:\/\/jms.com.bo\/mediamonitorbo\/wp-json\/wp\/v2\/media\/1695"}],"wp:attachment":[{"href":"https:\/\/jms.com.bo\/mediamonitorbo\/wp-json\/wp\/v2\/media?parent=1694"}],"wp:term":[{"taxonomy":"category","embeddable":true,"href":"https:\/\/jms.com.bo\/mediamonitorbo\/wp-json\/wp\/v2\/categories?post=1694"},{"taxonomy":"post_tag","embeddable":true,"href":"https:\/\/jms.com.bo\/mediamonitorbo\/wp-json\/wp\/v2\/tags?post=1694"}],"curies":[{"name":"wp","href":"https:\/\/api.w.org\/{rel}","templated":true}]}}