{"id":1696,"date":"2025-02-06T07:09:03","date_gmt":"2025-02-06T11:09:03","guid":{"rendered":"https:\/\/jms.com.bo\/mediamonitorbo\/2025\/02\/06\/aprueban-decreto-que-beneficia-a-empresas-constructoras-y-aerolineas-segun-el-gobierno\/"},"modified":"2025-02-06T07:09:03","modified_gmt":"2025-02-06T11:09:03","slug":"aprueban-decreto-que-beneficia-a-empresas-constructoras-y-aerolineas-segun-el-gobierno","status":"publish","type":"post","link":"https:\/\/jms.com.bo\/mediamonitorbo\/2025\/02\/06\/aprueban-decreto-que-beneficia-a-empresas-constructoras-y-aerolineas-segun-el-gobierno\/","title":{"rendered":"Aprueban decreto que beneficia a empresas constructoras y aerol\u00edneas, seg\u00fan el Gobierno"},"content":{"rendered":"<p>El ministro de Econom\u00eda y Finanzas P\u00fablicas, Marcelo Montenegro, inform\u00f3 que el gabinete ministerial aprob\u00f3 un decreto supremo que mejorar\u00eda el sistema tributario nacional en beneficio de las empresas constructoras y las aerol\u00edneas, adem\u00e1s de las empresas unipersonales.<br \/>\nLa norma, detall\u00f3 el ministro, busca precisar el momento de la obligaci\u00f3n de emisi\u00f3n de la factura para evitar la generaci\u00f3n de multas en contra del contribuyente constructor; as\u00ed como corregir desfases que se generaban en el pago del Impuesto a la Salidas A\u00e9reas al Exterior; y evitar la planificaci\u00f3n tributaria por parte de algunos contribuyentes en desmedro de los ingresos p\u00fablicos.<br \/>\nEl decreto aprobado modificar\u00eda tres normativas. El primer ajuste se refiere al tratamiento tributario del sector de la construcci\u00f3n, que modifica el inciso c) del art\u00edculo 2 del D.S. 21532, que reglamenta el Impuesto a las Transacciones (IT), y el primer p\u00e1rrafo del Art\u00edculo 4 del D.S. 21530, que reglamenta el Impuesto al Valor Agregado (IVA), a fin de precisar el tratamiento tributario para la contrataci\u00f3n de obras p\u00fablicas.<br \/>\n\u201cHasta ahora el contratista deb\u00eda emitir la factura en la misma fecha que el Certificado de Avance de Obra. Ahora, la obligaci\u00f3n de emitir factura en contratos de obras p\u00fablicas se dar\u00e1 cuando se reciba el pago y no antes\u201d, explic\u00f3 Montenegro.<br \/>\nEl decreto aclara que, en el caso de la contrataci\u00f3n de obras, la obligaci\u00f3n de emisi\u00f3n de la factura ser\u00e1 al momento de la percepci\u00f3n del pago total o parcial por cada Certificado de Avance de Obra. Con este ajuste, las empresas pagar\u00e1n tributos cuando efectivamente reciban el dinero por sus servicios, evitando sanciones y costos adicionales.<br \/>\nLa segunda modificaci\u00f3n est\u00e1 relacionada con el tratamiento tributario a las salidas a\u00e9reas al exterior. El decreto aprobado en la fecha incorpora un segundo p\u00e1rrafo al art\u00edculo 5 del D.S. 22556, Reglamento del Impuesto a las Salidas A\u00e9reas al Exterior (ISAE), con el fin de aclarar que \u201cel impuesto pagado en el billete a\u00e9reo no estar\u00e1 sujeto a actualizaci\u00f3n, cuando el hecho generador se perfeccione en otra gesti\u00f3n fiscal\u201d.<br \/>\nHasta ahora, si un pasajero compraba un boleto de avi\u00f3n con anticipaci\u00f3n, la aerol\u00ednea deb\u00eda asumir actualizaciones impositivas del ISAE a las Unidades de Fomento a la Vivienda (UFV) hasta el momento del viaje.<br \/>\n\u201cLas l\u00edneas a\u00e9reas manifestaron que esto no era justo, por lo que ahora el pago del ISAE se realizar\u00e1 en el momento de la compra del pasaje, evitando cobros adicionales\u201d, apunt\u00f3 el ministro.<br \/>\nEs decir que, con el ajuste, las aerol\u00edneas ya no asumir\u00e1n el importe por actualizaci\u00f3n del impuesto pagado en el billete a\u00e9reo, cuando este haya sido adquirido para viajes en a\u00f1os siguientes al de la compra.<br \/>\nFinalmente, se modifica el tratamiento tributario aplicable a la compensaci\u00f3n del Impuesto Sobre las Utilidades de las Empresas (IUE) pagado en cuotas con el Impuesto a las Transacciones (IT) a objeto de evitar la planificaci\u00f3n tributaria por parte de algunas empresas en desmedro de los ingresos p\u00fablicos coparticipables con los municipios, universidades p\u00fablicas.<\/p>\n","protected":false},"excerpt":{"rendered":"<p>El ministro de Econom\u00eda y Finanzas P\u00fablicas, Marcelo Montenegro, inform\u00f3 que el gabinete ministerial aprob\u00f3 un decreto supremo que mejorar\u00eda el sistema tributario nacional en beneficio de las empresas constructoras y las aerol\u00edneas, adem\u00e1s de las empresas unipersonales. La norma, detall\u00f3 el ministro, busca precisar el momento de la obligaci\u00f3n de emisi\u00f3n de la factura [&hellip;]<\/p>\n","protected":false},"author":1,"featured_media":1697,"comment_status":"","ping_status":"open","sticky":false,"template":"","format":"standard","meta":{"pagelayer_contact_templates":[],"_pagelayer_content":"","footnotes":""},"categories":[19],"tags":[],"class_list":{"0":"post-1696","1":"post","2":"type-post","3":"status-publish","4":"format-standard","5":"has-post-thumbnail","7":"category-economia"},"_links":{"self":[{"href":"https:\/\/jms.com.bo\/mediamonitorbo\/wp-json\/wp\/v2\/posts\/1696","targetHints":{"allow":["GET"]}}],"collection":[{"href":"https:\/\/jms.com.bo\/mediamonitorbo\/wp-json\/wp\/v2\/posts"}],"about":[{"href":"https:\/\/jms.com.bo\/mediamonitorbo\/wp-json\/wp\/v2\/types\/post"}],"author":[{"embeddable":true,"href":"https:\/\/jms.com.bo\/mediamonitorbo\/wp-json\/wp\/v2\/users\/1"}],"replies":[{"embeddable":true,"href":"https:\/\/jms.com.bo\/mediamonitorbo\/wp-json\/wp\/v2\/comments?post=1696"}],"version-history":[{"count":0,"href":"https:\/\/jms.com.bo\/mediamonitorbo\/wp-json\/wp\/v2\/posts\/1696\/revisions"}],"wp:featuredmedia":[{"embeddable":true,"href":"https:\/\/jms.com.bo\/mediamonitorbo\/wp-json\/wp\/v2\/media\/1697"}],"wp:attachment":[{"href":"https:\/\/jms.com.bo\/mediamonitorbo\/wp-json\/wp\/v2\/media?parent=1696"}],"wp:term":[{"taxonomy":"category","embeddable":true,"href":"https:\/\/jms.com.bo\/mediamonitorbo\/wp-json\/wp\/v2\/categories?post=1696"},{"taxonomy":"post_tag","embeddable":true,"href":"https:\/\/jms.com.bo\/mediamonitorbo\/wp-json\/wp\/v2\/tags?post=1696"}],"curies":[{"name":"wp","href":"https:\/\/api.w.org\/{rel}","templated":true}]}}