{"id":1704,"date":"2025-02-06T07:00:37","date_gmt":"2025-02-06T11:00:37","guid":{"rendered":"https:\/\/jms.com.bo\/mediamonitorbo\/2025\/02\/06\/tse-quiere-hablar-del-trep-padron-fechas-y-dinero-en-la-reunion-multipartidaria\/"},"modified":"2025-02-06T07:00:37","modified_gmt":"2025-02-06T11:00:37","slug":"tse-quiere-hablar-del-trep-padron-fechas-y-dinero-en-la-reunion-multipartidaria","status":"publish","type":"post","link":"https:\/\/jms.com.bo\/mediamonitorbo\/2025\/02\/06\/tse-quiere-hablar-del-trep-padron-fechas-y-dinero-en-la-reunion-multipartidaria\/","title":{"rendered":"TSE quiere hablar del TREP, padr\u00f3n, fechas y dinero en la reuni\u00f3n multipartidaria"},"content":{"rendered":"<p>El vicepresidente del Tribunal Supremo Electoral (TSE), Francisco Vargas, ratific\u00f3 ayer la realizaci\u00f3n de la reuni\u00f3n multipartidaria el 17 de febrero.<br \/>\nVargas detall\u00f3 que el TSE ya curs\u00f3 invitaciones para el presidente del Estado, Luis Arce, para el vicepresidente, David Choquehuanca, los presidentes de las c\u00e1maras de senadores y diputados y los representantes de los 13 partidos que tienen personer\u00eda jur\u00eddica.<br \/>\n\u201cEsperamos a todos los l\u00edderes de los partidos pol\u00edticos que pueden ir acompa\u00f1ados de una persona que puede ser el precandidato de esta agrupaci\u00f3n\u201d, dijo Vargas.<br \/>\nLa reuni\u00f3n se realizar\u00e1 desde las 9:00 en la sede del TSE , en la ciudad de La Paz.<br \/>\nVargas descart\u00f3 la presencia de representantes del \u00d3rgano Judicial y Tribunal Constitucional en la cumbre pol\u00edtica.<br \/>\nSobre los temas que abordar\u00e1 la reuni\u00f3n Vargas mencion\u00f3 al Padr\u00f3n Electoral, la Transmisi\u00f3n de Resultados Electorales Preliminares (TREP), el respeto a las fechas del calendario electoral, principalmente de las elecciones generales del 17 de agosto.<br \/>\nEntre otros temas que Vargas mencion\u00f3 est\u00e1n el desembolso de fondos para garantizar las elecciones en el exterior y el destino de Bs 40 millones destinado a los partidos pol\u00edticos.<\/p>\n","protected":false},"excerpt":{"rendered":"<p>El vicepresidente del Tribunal Supremo Electoral (TSE), Francisco Vargas, ratific\u00f3 ayer la realizaci\u00f3n de la reuni\u00f3n multipartidaria el 17 de febrero. Vargas detall\u00f3 que el TSE ya curs\u00f3 invitaciones para el presidente del Estado, Luis Arce, para el vicepresidente, David Choquehuanca, los presidentes de las c\u00e1maras de senadores y diputados y los representantes de los [&hellip;]<\/p>\n","protected":false},"author":1,"featured_media":1705,"comment_status":"","ping_status":"open","sticky":false,"template":"","format":"standard","meta":{"pagelayer_contact_templates":[],"_pagelayer_content":"","footnotes":""},"categories":[20],"tags":[],"class_list":{"0":"post-1704","1":"post","2":"type-post","3":"status-publish","4":"format-standard","5":"has-post-thumbnail","7":"category-politica"},"_links":{"self":[{"href":"https:\/\/jms.com.bo\/mediamonitorbo\/wp-json\/wp\/v2\/posts\/1704","targetHints":{"allow":["GET"]}}],"collection":[{"href":"https:\/\/jms.com.bo\/mediamonitorbo\/wp-json\/wp\/v2\/posts"}],"about":[{"href":"https:\/\/jms.com.bo\/mediamonitorbo\/wp-json\/wp\/v2\/types\/post"}],"author":[{"embeddable":true,"href":"https:\/\/jms.com.bo\/mediamonitorbo\/wp-json\/wp\/v2\/users\/1"}],"replies":[{"embeddable":true,"href":"https:\/\/jms.com.bo\/mediamonitorbo\/wp-json\/wp\/v2\/comments?post=1704"}],"version-history":[{"count":0,"href":"https:\/\/jms.com.bo\/mediamonitorbo\/wp-json\/wp\/v2\/posts\/1704\/revisions"}],"wp:featuredmedia":[{"embeddable":true,"href":"https:\/\/jms.com.bo\/mediamonitorbo\/wp-json\/wp\/v2\/media\/1705"}],"wp:attachment":[{"href":"https:\/\/jms.com.bo\/mediamonitorbo\/wp-json\/wp\/v2\/media?parent=1704"}],"wp:term":[{"taxonomy":"category","embeddable":true,"href":"https:\/\/jms.com.bo\/mediamonitorbo\/wp-json\/wp\/v2\/categories?post=1704"},{"taxonomy":"post_tag","embeddable":true,"href":"https:\/\/jms.com.bo\/mediamonitorbo\/wp-json\/wp\/v2\/tags?post=1704"}],"curies":[{"name":"wp","href":"https:\/\/api.w.org\/{rel}","templated":true}]}}