{"id":1706,"date":"2025-02-06T06:59:08","date_gmt":"2025-02-06T10:59:08","guid":{"rendered":"https:\/\/jms.com.bo\/mediamonitorbo\/2025\/02\/06\/a-ver-que-no-nos-inscriban-evo-preve-ir-con-miles-al-tse-para-registrar-su-candidatura\/"},"modified":"2025-02-06T06:59:08","modified_gmt":"2025-02-06T10:59:08","slug":"a-ver-que-no-nos-inscriban-evo-preve-ir-con-miles-al-tse-para-registrar-su-candidatura","status":"publish","type":"post","link":"https:\/\/jms.com.bo\/mediamonitorbo\/2025\/02\/06\/a-ver-que-no-nos-inscriban-evo-preve-ir-con-miles-al-tse-para-registrar-su-candidatura\/","title":{"rendered":"\u201cA ver que no nos inscriban\u201d: Evo prev\u00e9 ir \u201ccon miles\u201d al TSE para registrar su candidatura"},"content":{"rendered":"<p>Evo Morales garantiz\u00f3 este mi\u00e9rcoles que contar\u00e1 con \u201csigla prestada\u201d para presentar su candidatura presidencial y, adem\u00e1s, anunci\u00f3 que la postulaci\u00f3n se presentar\u00e1 con una marcha de miles de personas hacia La Paz, sede del \u00d3rgano Electoral.<br \/>\n\u201cEl d\u00eda de inscripci\u00f3n, faltando dos, tres d\u00edas para el \u00faltimo d\u00eda, nos vamos a ir miles de miles a La Paz\u201d, manifest\u00f3 en una reuni\u00f3n realizada en el Tr\u00f3pico.<br \/>\nAnticip\u00f3 que al menos el 50% de los afiliados del Tr\u00f3pico de Cochabamba formar\u00e1n parte de la movilizaci\u00f3n. \u201cDesde ahora hay que estar alist\u00e1ndose\u201d, afirm\u00f3.<br \/>\nMorales explic\u00f3 su plan de que la movilizaci\u00f3n ingrese a La Paz desde El Alto y otros puntos de la ciudad.<br \/>\n\u201cUna marcha bajando de El Alto, subiendo de abajo, por aqu\u00ed, por all\u00e1. Imag\u00ednense, a ver qu\u00e9 no nos inscriba\u201d, agreg\u00f3 el exmandatario.<br \/>\nRecord\u00f3 que el MAS era \u201csigla regalada\u201d y anunci\u00f3 que, ahora, al no contar con ese partido pol\u00edtico, se presentar\u00e1 con \u201csigla prestada\u201d.<br \/>\n\u201cAhora otra vez vamos a ir con sigla prestada. No quieren regalar ahora, pero nos van a prestar. Est\u00e1 garantizado eso\u201d, asegur\u00f3 el exmandatario.<br \/>\nRecalc\u00f3 que se encuentra habilitado como candidato y que invitar\u00e1 a la comunidad internacional, para que verifique el respeto a las normas.<br \/>\nLa oposici\u00f3n y el Gobierno aseguran que Morales no se encuentra habilitado, por una sentencia constitucional que impide ejercer la presidencia por un tercer mandato. Adem\u00e1s, Evo tiene una orden de aprehensi\u00f3n en su contra por un caso de trata de tr\u00e1fico.<\/p>\n","protected":false},"excerpt":{"rendered":"<p>Evo Morales garantiz\u00f3 este mi\u00e9rcoles que contar\u00e1 con \u201csigla prestada\u201d para presentar su candidatura presidencial y, adem\u00e1s, anunci\u00f3 que la postulaci\u00f3n se presentar\u00e1 con una marcha de miles de personas hacia La Paz, sede del \u00d3rgano Electoral. \u201cEl d\u00eda de inscripci\u00f3n, faltando dos, tres d\u00edas para el \u00faltimo d\u00eda, nos vamos a ir miles de [&hellip;]<\/p>\n","protected":false},"author":1,"featured_media":1707,"comment_status":"","ping_status":"open","sticky":false,"template":"","format":"standard","meta":{"pagelayer_contact_templates":[],"_pagelayer_content":"","footnotes":""},"categories":[20],"tags":[],"class_list":{"0":"post-1706","1":"post","2":"type-post","3":"status-publish","4":"format-standard","5":"has-post-thumbnail","7":"category-politica"},"_links":{"self":[{"href":"https:\/\/jms.com.bo\/mediamonitorbo\/wp-json\/wp\/v2\/posts\/1706","targetHints":{"allow":["GET"]}}],"collection":[{"href":"https:\/\/jms.com.bo\/mediamonitorbo\/wp-json\/wp\/v2\/posts"}],"about":[{"href":"https:\/\/jms.com.bo\/mediamonitorbo\/wp-json\/wp\/v2\/types\/post"}],"author":[{"embeddable":true,"href":"https:\/\/jms.com.bo\/mediamonitorbo\/wp-json\/wp\/v2\/users\/1"}],"replies":[{"embeddable":true,"href":"https:\/\/jms.com.bo\/mediamonitorbo\/wp-json\/wp\/v2\/comments?post=1706"}],"version-history":[{"count":0,"href":"https:\/\/jms.com.bo\/mediamonitorbo\/wp-json\/wp\/v2\/posts\/1706\/revisions"}],"wp:featuredmedia":[{"embeddable":true,"href":"https:\/\/jms.com.bo\/mediamonitorbo\/wp-json\/wp\/v2\/media\/1707"}],"wp:attachment":[{"href":"https:\/\/jms.com.bo\/mediamonitorbo\/wp-json\/wp\/v2\/media?parent=1706"}],"wp:term":[{"taxonomy":"category","embeddable":true,"href":"https:\/\/jms.com.bo\/mediamonitorbo\/wp-json\/wp\/v2\/categories?post=1706"},{"taxonomy":"post_tag","embeddable":true,"href":"https:\/\/jms.com.bo\/mediamonitorbo\/wp-json\/wp\/v2\/tags?post=1706"}],"curies":[{"name":"wp","href":"https:\/\/api.w.org\/{rel}","templated":true}]}}