{"id":1712,"date":"2025-02-06T06:55:06","date_gmt":"2025-02-06T10:55:06","guid":{"rendered":"https:\/\/jms.com.bo\/mediamonitorbo\/2025\/02\/06\/del-castillo-niega-que-cia-y-dea-operen-en-bolivia\/"},"modified":"2025-02-06T06:55:06","modified_gmt":"2025-02-06T10:55:06","slug":"del-castillo-niega-que-cia-y-dea-operen-en-bolivia","status":"publish","type":"post","link":"https:\/\/jms.com.bo\/mediamonitorbo\/2025\/02\/06\/del-castillo-niega-que-cia-y-dea-operen-en-bolivia\/","title":{"rendered":"Del Castillo niega que CIA y DEA operen en Bolivia"},"content":{"rendered":"<p>El ministro de Gobierno, Eduardo Del Castillo, neg\u00f3 que las agencias estadounidenses de inteligencia y antidrogas, la CIA y la DEA, se encuentren actualmente en Bolivia, como denunci\u00f3 el expresidente, Evo Morales.<br \/>\n\u201cEl se\u00f1or Evo Morales tiene un delirio, es una persona a quien nadie le cree. \u00bfC\u00f3mo va a estar diciendo que la CIA (Agencia Central de Inteligencia, por sus siglas en ingl\u00e9s) y la DEA (Administraci\u00f3n de Control de Drogas) van a estar operando en nuestro territorio nacional nuevamente?\u00bb, cuestion\u00f3 el ministro en una conferencia de prensa.<br \/>\nMorales acus\u00f3 al Ejecutivo de Arce de \u00abhacer gala de sus contactos con la DEA y el retorno de Usaid (Agencia de Estados Unidos para el Desarrollo Internacional) y sus relaciones cercanas con EEUU\u00bb. Record\u00f3 que durante su Gobierno se fortaleci\u00f3 la \u00abindependencia\u00bb y \u00absoberan\u00eda\u00bb de Bolivia al expulsar a quien fue embajador de Estados Unidos en Bolivia, Philip Golberg, en 2008, y luego a la DEA, Usaid y la Oficina de Asuntos Antinarc\u00f3ticos (NAS, por sus siglas en ingl\u00e9s).<br \/>\nMorales tambi\u00e9n denunci\u00f3, por la supuesta informaci\u00f3n que le dieron algunos militares, que el presunto ataque armado que sufri\u00f3 el 26 de octubre de 2024 fue planificado por el Gobierno junto con la CIA.<br \/>\n\u00abDesmentimos categ\u00f3ricamente las aseveraciones del se\u00f1or Evo Morales, es una persona que se ha convertido en un mit\u00f3mano compulsivo\u00bb, asegur\u00f3 Del Castillo.<\/p>\n","protected":false},"excerpt":{"rendered":"<p>El ministro de Gobierno, Eduardo Del Castillo, neg\u00f3 que las agencias estadounidenses de inteligencia y antidrogas, la CIA y la DEA, se encuentren actualmente en Bolivia, como denunci\u00f3 el expresidente, Evo Morales. \u201cEl se\u00f1or Evo Morales tiene un delirio, es una persona a quien nadie le cree. \u00bfC\u00f3mo va a estar diciendo que la CIA [&hellip;]<\/p>\n","protected":false},"author":1,"featured_media":1713,"comment_status":"","ping_status":"open","sticky":false,"template":"","format":"standard","meta":{"pagelayer_contact_templates":[],"_pagelayer_content":"","footnotes":""},"categories":[21],"tags":[],"class_list":{"0":"post-1712","1":"post","2":"type-post","3":"status-publish","4":"format-standard","5":"has-post-thumbnail","7":"category-actualidad"},"_links":{"self":[{"href":"https:\/\/jms.com.bo\/mediamonitorbo\/wp-json\/wp\/v2\/posts\/1712","targetHints":{"allow":["GET"]}}],"collection":[{"href":"https:\/\/jms.com.bo\/mediamonitorbo\/wp-json\/wp\/v2\/posts"}],"about":[{"href":"https:\/\/jms.com.bo\/mediamonitorbo\/wp-json\/wp\/v2\/types\/post"}],"author":[{"embeddable":true,"href":"https:\/\/jms.com.bo\/mediamonitorbo\/wp-json\/wp\/v2\/users\/1"}],"replies":[{"embeddable":true,"href":"https:\/\/jms.com.bo\/mediamonitorbo\/wp-json\/wp\/v2\/comments?post=1712"}],"version-history":[{"count":0,"href":"https:\/\/jms.com.bo\/mediamonitorbo\/wp-json\/wp\/v2\/posts\/1712\/revisions"}],"wp:featuredmedia":[{"embeddable":true,"href":"https:\/\/jms.com.bo\/mediamonitorbo\/wp-json\/wp\/v2\/media\/1713"}],"wp:attachment":[{"href":"https:\/\/jms.com.bo\/mediamonitorbo\/wp-json\/wp\/v2\/media?parent=1712"}],"wp:term":[{"taxonomy":"category","embeddable":true,"href":"https:\/\/jms.com.bo\/mediamonitorbo\/wp-json\/wp\/v2\/categories?post=1712"},{"taxonomy":"post_tag","embeddable":true,"href":"https:\/\/jms.com.bo\/mediamonitorbo\/wp-json\/wp\/v2\/tags?post=1712"}],"curies":[{"name":"wp","href":"https:\/\/api.w.org\/{rel}","templated":true}]}}