{"id":1714,"date":"2025-02-06T06:53:54","date_gmt":"2025-02-06T10:53:54","guid":{"rendered":"https:\/\/jms.com.bo\/mediamonitorbo\/2025\/02\/06\/sectores-confirman-paro-del-10-de-febrero-con-apoyo-de-cuatro-comites-civicos\/"},"modified":"2025-02-06T06:53:54","modified_gmt":"2025-02-06T10:53:54","slug":"sectores-confirman-paro-del-10-de-febrero-con-apoyo-de-cuatro-comites-civicos","status":"publish","type":"post","link":"https:\/\/jms.com.bo\/mediamonitorbo\/2025\/02\/06\/sectores-confirman-paro-del-10-de-febrero-con-apoyo-de-cuatro-comites-civicos\/","title":{"rendered":"Sectores confirman paro del 10 de febrero con apoyo de cuatro comit\u00e9s c\u00edvicos"},"content":{"rendered":"<p>La cuarta reuni\u00f3n de sectores econ\u00f3micos, realizada este mi\u00e9rcoles en Tarija, confirm\u00f3 el paro del pr\u00f3ximo lunes 10 de febrero. El anuncio lo hizo el dirigente gremial C\u00e9sar Gonz\u00e1lez, quien se\u00f1al\u00f3 que cada uno de los sectores definir\u00e1 la forma en que realizar\u00e1 la protesta con la que se exige la abrogaci\u00f3n de la disposici\u00f3n adicional s\u00e9ptima de la ley del Presupuesto General del Estado (PGE) que consideran confiscatoria.<br \/>\nGonz\u00e1lez se\u00f1al\u00f3 que la institucionalidad de Tarija, encabezada por el comit\u00e9 c\u00edvico de esa regi\u00f3n, se sum\u00f3 a las medidas que se est\u00e1n desarrollando en rechazo a la norma que autoriza decomisos en caso de que el gobierno considere que hay acaparamiento o elevaci\u00f3n de precios injustificado. Anteriormente el Comit\u00e9 Pro Santa Cruz anunci\u00f3 su respaldo al paro.<br \/>\nEn el comunicado, los sectores exigen al vicepresidente David Choquehuanca, que convoque a sesi\u00f3n de la Asamblea Legislativa para abordar de manera inmediata los dos proyectos de ley abrogatorios, uno presentado por la bancada de Comunidad Ciudadana (CC) y otro por los sectores empresariales.<br \/>\n\u201cExigimos al presidente Luis Arce, que mediante su bancada, realice las acciones necesarias para que lo antes posible se realice la derogaci\u00f3n. Cumpla su palabra de pacificar el pa\u00eds, cumpla su palabra de reconciliaci\u00f3n por el Bicentenario\u201d, se\u00f1ala el pronunciamiento le\u00eddo por Gonz\u00e1lez.<br \/>\nEn la reuni\u00f3n participaron representantes agropecuarios, industriales, exportadores, comerciantes y del transporte. En la cita tambi\u00e9n cuestionaron el decreto 4701 del a\u00f1o 2022 en el que se se\u00f1ala que el Estado participar\u00e1 de toda la cadena agropecuaria, es decir producci\u00f3n, transporte, comercializaci\u00f3n e incluso exportaci\u00f3n.<br \/>\nEl ministro de Econom\u00eda, Marcelo Montenegro, calific\u00f3 de extrema la medida de presi\u00f3n que ratificaron los sectores.<\/p>\n","protected":false},"excerpt":{"rendered":"<p>La cuarta reuni\u00f3n de sectores econ\u00f3micos, realizada este mi\u00e9rcoles en Tarija, confirm\u00f3 el paro del pr\u00f3ximo lunes 10 de febrero. El anuncio lo hizo el dirigente gremial C\u00e9sar Gonz\u00e1lez, quien se\u00f1al\u00f3 que cada uno de los sectores definir\u00e1 la forma en que realizar\u00e1 la protesta con la que se exige la abrogaci\u00f3n de la disposici\u00f3n [&hellip;]<\/p>\n","protected":false},"author":1,"featured_media":1715,"comment_status":"","ping_status":"open","sticky":false,"template":"","format":"standard","meta":{"pagelayer_contact_templates":[],"_pagelayer_content":"","footnotes":""},"categories":[22],"tags":[],"class_list":{"0":"post-1714","1":"post","2":"type-post","3":"status-publish","4":"format-standard","5":"has-post-thumbnail","7":"category-social"},"_links":{"self":[{"href":"https:\/\/jms.com.bo\/mediamonitorbo\/wp-json\/wp\/v2\/posts\/1714","targetHints":{"allow":["GET"]}}],"collection":[{"href":"https:\/\/jms.com.bo\/mediamonitorbo\/wp-json\/wp\/v2\/posts"}],"about":[{"href":"https:\/\/jms.com.bo\/mediamonitorbo\/wp-json\/wp\/v2\/types\/post"}],"author":[{"embeddable":true,"href":"https:\/\/jms.com.bo\/mediamonitorbo\/wp-json\/wp\/v2\/users\/1"}],"replies":[{"embeddable":true,"href":"https:\/\/jms.com.bo\/mediamonitorbo\/wp-json\/wp\/v2\/comments?post=1714"}],"version-history":[{"count":0,"href":"https:\/\/jms.com.bo\/mediamonitorbo\/wp-json\/wp\/v2\/posts\/1714\/revisions"}],"wp:featuredmedia":[{"embeddable":true,"href":"https:\/\/jms.com.bo\/mediamonitorbo\/wp-json\/wp\/v2\/media\/1715"}],"wp:attachment":[{"href":"https:\/\/jms.com.bo\/mediamonitorbo\/wp-json\/wp\/v2\/media?parent=1714"}],"wp:term":[{"taxonomy":"category","embeddable":true,"href":"https:\/\/jms.com.bo\/mediamonitorbo\/wp-json\/wp\/v2\/categories?post=1714"},{"taxonomy":"post_tag","embeddable":true,"href":"https:\/\/jms.com.bo\/mediamonitorbo\/wp-json\/wp\/v2\/tags?post=1714"}],"curies":[{"name":"wp","href":"https:\/\/api.w.org\/{rel}","templated":true}]}}