{"id":1716,"date":"2025-02-06T06:52:33","date_gmt":"2025-02-06T10:52:33","guid":{"rendered":"https:\/\/jms.com.bo\/mediamonitorbo\/2025\/02\/06\/el-2025-comenzo-con-un-deficit-de-bs10-millones-en-la-gobernacion\/"},"modified":"2025-02-06T06:52:33","modified_gmt":"2025-02-06T10:52:33","slug":"el-2025-comenzo-con-un-deficit-de-bs10-millones-en-la-gobernacion","status":"publish","type":"post","link":"https:\/\/jms.com.bo\/mediamonitorbo\/2025\/02\/06\/el-2025-comenzo-con-un-deficit-de-bs10-millones-en-la-gobernacion\/","title":{"rendered":"El 2025 comenz\u00f3 con un d\u00e9ficit de Bs10 millones en la Gobernaci\u00f3n"},"content":{"rendered":"<p>La crisis se agudiza. La Gobernaci\u00f3n de Santa Cruz comenz\u00f3 el a\u00f1o con un d\u00e9ficit presupuestario de Bs 10 millones. Con esos recursos debe cubrir las competencias, endosadas por el Gobierno en tiempos de auge petrolero, que est\u00e1n vinculadas con programas sociales. Adem\u00e1s, hay deudas que se arrastran desde hace a\u00f1os.<br \/>\nMavy Darinka Pedraza, vicepresidenta de la Asamblea Legislativa Departamental (ALD) de Santa Cruz, inform\u00f3 que el Gobierno central debi\u00f3 transferir en enero de este a\u00f1o a las arcas del ente departamental la suma de Bs. 52 millones, de acuerdo con el techo presupuestario asignado y aprobado por el Ministerio de Econom\u00eda y Finanzas P\u00fablicas, sin embargo, se les fue descontado Bs. 10 millones sin alguna justificaci\u00f3n sustentable, lo que agrava a\u00fan m\u00e1s la \u201csituaci\u00f3n financiera del departamento\u201d.<br \/>\n\u201cHemos tenido conocimiento ayer (martes), la Gobernaci\u00f3n con todas las deudas que ten\u00eda como con el sector salud, ahora con el pago de sueldos adeudados de diciembre y enero lastimosamente quedan en contra de 8 millones de bolivianos m\u00e1s las deudas que arrastra desde el a\u00f1o pasado\u201d, lament\u00f3 Darinka.<br \/>\nDe acuerdo a la legisladora, con este incumplimiento por parte de la administraci\u00f3n del presidente Luis Arce, los proyectos de inversi\u00f3n en luz, agua, camino y principalmente riego se ver\u00e1n afectados, porque la Gobernaci\u00f3n debe cumplir con las competencias que le fueron dadas, como el pago del prediario a los reclusos en las c\u00e1rceles del departamento, del cual asegura no se cancel\u00f3 el mes de enero y febrero es incierto.<br \/>\n\u201cMientras nosotros peleamos por proyectos de inversi\u00f3n de uno, dos o cinco millones de bolivianos, estamos destinando m\u00e1s de 20 millones al mes a cubrir gastos que no nos corresponden\u201d, dijo.<br \/>\nEsta situaci\u00f3n expuesta por la asamble\u00edsta va en l\u00ednea con lo que el mismo gobernador en ejercicio, Mario Aguilera, afirm\u00f3, en sentido de que se redujo personal, entre 1.909 contratos adicionales entre eventuales y consultores que generaban un gasto operativo insostenible, pero que era necesario priorizar los recursos para programas y proyectos en beneficio de la poblaci\u00f3n.<br \/>\nLa primera autoridad departamental detall\u00f3 que sufri\u00f3 un recorte de 388 millones de bolivianos del presupuesto gestionable debido a gastos innecesarios realizados en diciembre de 2023.<br \/>\n\u201c<br \/>\nLos ingresos por regal\u00edas e IDH fueron menores a lo esperado. A pesar de esto, logramos cerrar el 2024 administrando solo el 54% del presupuesto y cumpliendo con las obligaciones esenciales. No fue f\u00e1cil, pero hicimos ajustes internos para optimizar los recursos\u201d, asever\u00f3 Aguilera.<br \/>\nAntre los datos arrojados por la asamble\u00edsta Darinka, ninguna autoridad del Ejecutivo ni de la presidencia de la ALD salieron al paso para dar a conocer la situaci\u00f3n financiera.<br \/>\nEn diciembre de 2024, Marco Franco asumi\u00f3 como secretario de Hacienda interino en reemplazo de Miguel Sorich, que dej\u00f3 el cargo en medio de la demanda de alcaldes municipales que exig\u00edan el pago de una deuda de Bs 18 millones por concepto del desayuno escolar.<\/p>\n","protected":false},"excerpt":{"rendered":"<p>La crisis se agudiza. La Gobernaci\u00f3n de Santa Cruz comenz\u00f3 el a\u00f1o con un d\u00e9ficit presupuestario de Bs 10 millones. Con esos recursos debe cubrir las competencias, endosadas por el Gobierno en tiempos de auge petrolero, que est\u00e1n vinculadas con programas sociales. Adem\u00e1s, hay deudas que se arrastran desde hace a\u00f1os. Mavy Darinka Pedraza, vicepresidenta [&hellip;]<\/p>\n","protected":false},"author":1,"featured_media":1717,"comment_status":"","ping_status":"open","sticky":false,"template":"","format":"standard","meta":{"pagelayer_contact_templates":[],"_pagelayer_content":"","footnotes":""},"categories":[22],"tags":[],"class_list":{"0":"post-1716","1":"post","2":"type-post","3":"status-publish","4":"format-standard","5":"has-post-thumbnail","7":"category-social"},"_links":{"self":[{"href":"https:\/\/jms.com.bo\/mediamonitorbo\/wp-json\/wp\/v2\/posts\/1716","targetHints":{"allow":["GET"]}}],"collection":[{"href":"https:\/\/jms.com.bo\/mediamonitorbo\/wp-json\/wp\/v2\/posts"}],"about":[{"href":"https:\/\/jms.com.bo\/mediamonitorbo\/wp-json\/wp\/v2\/types\/post"}],"author":[{"embeddable":true,"href":"https:\/\/jms.com.bo\/mediamonitorbo\/wp-json\/wp\/v2\/users\/1"}],"replies":[{"embeddable":true,"href":"https:\/\/jms.com.bo\/mediamonitorbo\/wp-json\/wp\/v2\/comments?post=1716"}],"version-history":[{"count":0,"href":"https:\/\/jms.com.bo\/mediamonitorbo\/wp-json\/wp\/v2\/posts\/1716\/revisions"}],"wp:featuredmedia":[{"embeddable":true,"href":"https:\/\/jms.com.bo\/mediamonitorbo\/wp-json\/wp\/v2\/media\/1717"}],"wp:attachment":[{"href":"https:\/\/jms.com.bo\/mediamonitorbo\/wp-json\/wp\/v2\/media?parent=1716"}],"wp:term":[{"taxonomy":"category","embeddable":true,"href":"https:\/\/jms.com.bo\/mediamonitorbo\/wp-json\/wp\/v2\/categories?post=1716"},{"taxonomy":"post_tag","embeddable":true,"href":"https:\/\/jms.com.bo\/mediamonitorbo\/wp-json\/wp\/v2\/tags?post=1716"}],"curies":[{"name":"wp","href":"https:\/\/api.w.org\/{rel}","templated":true}]}}