{"id":1718,"date":"2025-02-06T06:50:17","date_gmt":"2025-02-06T10:50:17","guid":{"rendered":"https:\/\/jms.com.bo\/mediamonitorbo\/2025\/02\/06\/adjudican-instalacion-del-muro-perimetral-entre-salta-y-bermejo\/"},"modified":"2025-02-06T06:50:17","modified_gmt":"2025-02-06T10:50:17","slug":"adjudican-instalacion-del-muro-perimetral-entre-salta-y-bermejo","status":"publish","type":"post","link":"https:\/\/jms.com.bo\/mediamonitorbo\/2025\/02\/06\/adjudican-instalacion-del-muro-perimetral-entre-salta-y-bermejo\/","title":{"rendered":"Adjudican instalaci\u00f3n del muro perimetral entre Salta y Bermejo"},"content":{"rendered":"<p>Las autoridades argentinas adjudicaron la construcci\u00f3n de un alambrado perimetral de 200 metros en la frontera con Bolivia, en la provincia de Salta, obra que tendr\u00e1 un costo de m\u00e1s de 3,4 millones de d\u00f3lares, como parte del denominado Plan G\u00fcemes que busca reforzar el control en esta zona fronteriza.<br \/>\nLa adjudicaci\u00f3n, efectuada el martes en la Municipalidad de Aguas Blancas, fue para la propuesta de Pablo Esteban Osadcia S\u00e1nchez, \u00fanico postulante de la convocatoria, quien present\u00f3 una cotizaci\u00f3n de 36,12 millones de pesos argentinos, equivalente a 3,4 millones de d\u00f3lares.<br \/>\nEl proyecto consiste en la construcci\u00f3n de una malla ol\u00edmpica de 200 metros de longitud, desde la terminal de colectivos a la oficina de Migraciones de la frontera argentina con Bolivia.<br \/>\nLa malla ser\u00e1 instalada con postes de hormig\u00f3n armado reforzado a una altura total de 3,5 metros, dejando una altura \u00fatil de 2,8 metros de barrera. Los pilares ser\u00e1n enterrados a una profundidad de 70 cent\u00edmetros, a una distancia de cuatro metros entre poste y poste.<br \/>\nEl interventor de Aguas Blancas, Adri\u00e1n Zigarani, asever\u00f3 que la medida busca ordenar el tr\u00e1nsito en el \u00e1rea, pues el muro actual no supera los 40 cent\u00edmetros de altura, lo cual es superado por muchas personas para cruzar la frontera ilegalmente.<br \/>\nEl cerco perimetral es una medida anunciada por el gobierno argentino en Salta como parte del Plan G\u00fcemes, con el objetivo de reforzar la lucha contra el narcotr\u00e1fico y el contrabando, en vista de que estas actividades il\u00edcitas han incrementado en los \u00faltimos a\u00f1os a nivel mundial.<\/p>\n","protected":false},"excerpt":{"rendered":"<p>Las autoridades argentinas adjudicaron la construcci\u00f3n de un alambrado perimetral de 200 metros en la frontera con Bolivia, en la provincia de Salta, obra que tendr\u00e1 un costo de m\u00e1s de 3,4 millones de d\u00f3lares, como parte del denominado Plan G\u00fcemes que busca reforzar el control en esta zona fronteriza. La adjudicaci\u00f3n, efectuada el martes [&hellip;]<\/p>\n","protected":false},"author":1,"featured_media":1719,"comment_status":"","ping_status":"open","sticky":false,"template":"","format":"standard","meta":{"pagelayer_contact_templates":[],"_pagelayer_content":"","footnotes":""},"categories":[22],"tags":[],"class_list":{"0":"post-1718","1":"post","2":"type-post","3":"status-publish","4":"format-standard","5":"has-post-thumbnail","7":"category-social"},"_links":{"self":[{"href":"https:\/\/jms.com.bo\/mediamonitorbo\/wp-json\/wp\/v2\/posts\/1718","targetHints":{"allow":["GET"]}}],"collection":[{"href":"https:\/\/jms.com.bo\/mediamonitorbo\/wp-json\/wp\/v2\/posts"}],"about":[{"href":"https:\/\/jms.com.bo\/mediamonitorbo\/wp-json\/wp\/v2\/types\/post"}],"author":[{"embeddable":true,"href":"https:\/\/jms.com.bo\/mediamonitorbo\/wp-json\/wp\/v2\/users\/1"}],"replies":[{"embeddable":true,"href":"https:\/\/jms.com.bo\/mediamonitorbo\/wp-json\/wp\/v2\/comments?post=1718"}],"version-history":[{"count":0,"href":"https:\/\/jms.com.bo\/mediamonitorbo\/wp-json\/wp\/v2\/posts\/1718\/revisions"}],"wp:featuredmedia":[{"embeddable":true,"href":"https:\/\/jms.com.bo\/mediamonitorbo\/wp-json\/wp\/v2\/media\/1719"}],"wp:attachment":[{"href":"https:\/\/jms.com.bo\/mediamonitorbo\/wp-json\/wp\/v2\/media?parent=1718"}],"wp:term":[{"taxonomy":"category","embeddable":true,"href":"https:\/\/jms.com.bo\/mediamonitorbo\/wp-json\/wp\/v2\/categories?post=1718"},{"taxonomy":"post_tag","embeddable":true,"href":"https:\/\/jms.com.bo\/mediamonitorbo\/wp-json\/wp\/v2\/tags?post=1718"}],"curies":[{"name":"wp","href":"https:\/\/api.w.org\/{rel}","templated":true}]}}