{"id":172,"date":"2025-01-30T07:06:25","date_gmt":"2025-01-30T11:06:25","guid":{"rendered":"https:\/\/jms.com.bo\/mediamonitorbo\/2025\/01\/30\/la-segunda-planta-de-biodiesel-tiene-un-84-de-avance-en-el-alto\/"},"modified":"2025-01-30T07:06:25","modified_gmt":"2025-01-30T11:06:25","slug":"la-segunda-planta-de-biodiesel-tiene-un-84-de-avance-en-el-alto","status":"publish","type":"post","link":"https:\/\/jms.com.bo\/mediamonitorbo\/2025\/01\/30\/la-segunda-planta-de-biodiesel-tiene-un-84-de-avance-en-el-alto\/","title":{"rendered":"La segunda planta de biodi\u00e9sel tiene un 84% de avance en El Alto"},"content":{"rendered":"<p>La segunda planta de biodi\u00e9sel que se construye en el pa\u00eds tiene un 84 por ciento de avance y se emplaza en la ciudad de El Alto, inform\u00f3 ayer el presidente Luis Arce.<br \/>\nSeg\u00fan datos oficiales, se trata de la segunda planta de producci\u00f3n de biodi\u00e9sel del pa\u00eds. La primera fue inaugurada el 26 de marzo de 2024 en la Refiner\u00eda Guillermo Elder Bell, en Santa Cruz.<br \/>\n\u201c(&#8230;) La edificaci\u00f3n de esta importante factor\u00eda, cuya inversi\u00f3n supera los 460 millones de bolivianos y gener\u00f3 m\u00e1s de 500 empleos, ya alcanz\u00f3 un avance f\u00edsico del 84 por ciento y financiero del 61 por ciento\u201d, public\u00f3 el jefe de Estado en sus redes sociales.<br \/>\nRecord\u00f3 que la construcci\u00f3n de la Planta de Biodi\u00e9sel II \u201cH\u00e9roes de Senkata\u201d se inici\u00f3 en 2023, con una capacidad de producci\u00f3n de 1.500 BPD (barriles por d\u00eda).<br \/>\n\u201cDesde el primer d\u00eda de nuestro gobierno ten\u00edamos el horizonte muy claro, dar el salto cualitativo hacia a la industrializaci\u00f3n y poco a poco lo estamos consolidando (\u2026)\u201d, resalt\u00f3.<br \/>\nExplic\u00f3 que el Gobierno nacional trabaja de manera incansable para reducir la importaci\u00f3n de di\u00e9sel o\u00edl mediante la producci\u00f3n de Aditivos de Origen Vegetal (AOV), a trav\u00e9s de diferentes proyectos industriales.<br \/>\n\u201cEstamos diversificando la producci\u00f3n\u201d, destac\u00f3.<\/p>\n","protected":false},"excerpt":{"rendered":"<p>La segunda planta de biodi\u00e9sel que se construye en el pa\u00eds tiene un 84 por ciento de avance y se emplaza en la ciudad de El Alto, inform\u00f3 ayer el presidente Luis Arce. Seg\u00fan datos oficiales, se trata de la segunda planta de producci\u00f3n de biodi\u00e9sel del pa\u00eds. La primera fue inaugurada el 26 de [&hellip;]<\/p>\n","protected":false},"author":1,"featured_media":173,"comment_status":"","ping_status":"open","sticky":false,"template":"","format":"standard","meta":{"pagelayer_contact_templates":[],"_pagelayer_content":"","footnotes":""},"categories":[23,17],"tags":[],"class_list":{"0":"post-172","1":"post","2":"type-post","3":"status-publish","4":"format-standard","5":"has-post-thumbnail","7":"category-bolivia","8":"category-oil-gas"},"_links":{"self":[{"href":"https:\/\/jms.com.bo\/mediamonitorbo\/wp-json\/wp\/v2\/posts\/172","targetHints":{"allow":["GET"]}}],"collection":[{"href":"https:\/\/jms.com.bo\/mediamonitorbo\/wp-json\/wp\/v2\/posts"}],"about":[{"href":"https:\/\/jms.com.bo\/mediamonitorbo\/wp-json\/wp\/v2\/types\/post"}],"author":[{"embeddable":true,"href":"https:\/\/jms.com.bo\/mediamonitorbo\/wp-json\/wp\/v2\/users\/1"}],"replies":[{"embeddable":true,"href":"https:\/\/jms.com.bo\/mediamonitorbo\/wp-json\/wp\/v2\/comments?post=172"}],"version-history":[{"count":0,"href":"https:\/\/jms.com.bo\/mediamonitorbo\/wp-json\/wp\/v2\/posts\/172\/revisions"}],"wp:featuredmedia":[{"embeddable":true,"href":"https:\/\/jms.com.bo\/mediamonitorbo\/wp-json\/wp\/v2\/media\/173"}],"wp:attachment":[{"href":"https:\/\/jms.com.bo\/mediamonitorbo\/wp-json\/wp\/v2\/media?parent=172"}],"wp:term":[{"taxonomy":"category","embeddable":true,"href":"https:\/\/jms.com.bo\/mediamonitorbo\/wp-json\/wp\/v2\/categories?post=172"},{"taxonomy":"post_tag","embeddable":true,"href":"https:\/\/jms.com.bo\/mediamonitorbo\/wp-json\/wp\/v2\/tags?post=172"}],"curies":[{"name":"wp","href":"https:\/\/api.w.org\/{rel}","templated":true}]}}