{"id":1730,"date":"2025-02-05T06:29:05","date_gmt":"2025-02-05T10:29:05","guid":{"rendered":"https:\/\/jms.com.bo\/mediamonitorbo\/2025\/02\/05\/comision-de-planificacion-de-diputados-tratara-dos-creditos-para-planta-fotovoltaica-y-generacion-de-empleo-por-mas-de-us-130-millones\/"},"modified":"2025-02-05T06:29:05","modified_gmt":"2025-02-05T10:29:05","slug":"comision-de-planificacion-de-diputados-tratara-dos-creditos-para-planta-fotovoltaica-y-generacion-de-empleo-por-mas-de-us-130-millones","status":"publish","type":"post","link":"https:\/\/jms.com.bo\/mediamonitorbo\/2025\/02\/05\/comision-de-planificacion-de-diputados-tratara-dos-creditos-para-planta-fotovoltaica-y-generacion-de-empleo-por-mas-de-us-130-millones\/","title":{"rendered":"Comisi\u00f3n de Planificaci\u00f3n de Diputados tratar\u00e1 dos cr\u00e9ditos para planta fotovoltaica y generaci\u00f3n de empleo por m\u00e1s de $us 130 millones"},"content":{"rendered":"<p>La Comisi\u00f3n de Planificaci\u00f3n, Pol\u00edtica Econ\u00f3mica y Finanzas de la C\u00e1mara de Diputados analizar\u00e1 esta semana dos cr\u00e9ditos, uno por $us 100 millones, para un programa de generaci\u00f3n de empleo a partir de la mejora de infraestructurita urbana, y un segundo por 34 millones de euros (unos $us 35 millones) para la Planta Solar Contorno Bajo I en el municipio de Viacha de La Paz.<br \/>\n\u201cHasta este momento hemos aprobado en la Comisi\u00f3n (de Planificaci\u00f3n) m\u00e1s de cinco cr\u00e9ditos y ahora tenemos dos cr\u00e9ditos\u201d, explic\u00f3 el presidente de la Comisi\u00f3n, Andr\u00e9s Flores Condori.<br \/>\nSe trata del proyecto de ley 267 que aprueba el Contrato de Pr\u00e9stamo BOL-38\/2024 para el Programa Nacional de Emergencia de Generaci\u00f3n de Empleo \u2013 Fase II suscrito el 10 de mayo de 2024 por Bolivia y el Fondo Financiero para el Desarrollo de la Cuenca del Plata\u201d (Fonplata), por un monto de hasta $us 100 millones.<br \/>\nEl programa pretende el desarrollo de obras de infraestructura urbana que permitan optimizar la integraci\u00f3n de la malla vial (vehicular y peatonal), la ejecuci\u00f3n de obras complementarias, para mejorar las condiciones de acceso de la poblaci\u00f3n a centros de salud, centros educativos, espacios recreativos y culturales.<br \/>\nLa ejecuci\u00f3n de estas obras con mano de obra local refuerza la reactivaci\u00f3n, inserci\u00f3n y generaci\u00f3n de empleo, con \u00e9nfasis en mujeres y j\u00f3venes, mediante su capacitaci\u00f3n y dotaci\u00f3n de habilidades para un mercado no tradicional.<br \/>\nLos beneficiarios son los nueve departamentos, que se favorecer\u00e1n con infraestructuras urbanas integrales para ciudades sostenibles, accesibles e inclusivas.<br \/>\nEn tanto, el proyecto de ley 266 aprueba el Contrato de Pr\u00e9stamo y de Financiamiento BMZ para el Programa Generaci\u00f3n de Energ\u00eda Renovable \u2013 Planta Solar Contorno Bajo I, suscrito el 22 de diciembre de 2023, entre Bolivia y el Kreditanstalt F\u00fcr Wiederaufbau \u2013 KFW, Frankfurt Am Main, por un monto de hasta 34 millones de euros.<br \/>\nEl proyecto \u00abPlanta Solar Contorno Bajo I\u00bb se implementar\u00e1 en el municipio de Viacha, provincia Ingavi del departamento de La Paz. Tendr\u00e1 una potencia estimada de 40 megavatios (MW) que ser\u00e1n inyectados al Sistema Interconectado Nacional (SIN).<br \/>\nLa obra se ejecutar\u00e1 en el marco del Plan de Desarrollo Econ\u00f3mico y Social 2021 2025, que debe desarrollar infraestructura de generaci\u00f3n de energ\u00eda el\u00e9ctrica de fuentes alternativas y renovables con el objetivo de disminuir el uso de combustibles f\u00f3siles, incrementando la capacidad de generaci\u00f3n mediante fuentes renovables hasta un 75% de la demanda de energ\u00eda el\u00e9ctrica para el a\u00f1o 2025, con el objetivo de realizar un cambio en la matriz energ\u00e9tica.<\/p>\n","protected":false},"excerpt":{"rendered":"<p>La Comisi\u00f3n de Planificaci\u00f3n, Pol\u00edtica Econ\u00f3mica y Finanzas de la C\u00e1mara de Diputados analizar\u00e1 esta semana dos cr\u00e9ditos, uno por $us 100 millones, para un programa de generaci\u00f3n de empleo a partir de la mejora de infraestructurita urbana, y un segundo por 34 millones de euros (unos $us 35 millones) para la Planta Solar Contorno [&hellip;]<\/p>\n","protected":false},"author":1,"featured_media":1731,"comment_status":"","ping_status":"open","sticky":false,"template":"","format":"standard","meta":{"pagelayer_contact_templates":[],"_pagelayer_content":"","footnotes":""},"categories":[18,28,24],"tags":[],"class_list":{"0":"post-1730","1":"post","2":"type-post","3":"status-publish","4":"format-standard","5":"has-post-thumbnail","7":"category-energia","8":"category-portada-energia","9":"category-portada-general-sitio"},"_links":{"self":[{"href":"https:\/\/jms.com.bo\/mediamonitorbo\/wp-json\/wp\/v2\/posts\/1730","targetHints":{"allow":["GET"]}}],"collection":[{"href":"https:\/\/jms.com.bo\/mediamonitorbo\/wp-json\/wp\/v2\/posts"}],"about":[{"href":"https:\/\/jms.com.bo\/mediamonitorbo\/wp-json\/wp\/v2\/types\/post"}],"author":[{"embeddable":true,"href":"https:\/\/jms.com.bo\/mediamonitorbo\/wp-json\/wp\/v2\/users\/1"}],"replies":[{"embeddable":true,"href":"https:\/\/jms.com.bo\/mediamonitorbo\/wp-json\/wp\/v2\/comments?post=1730"}],"version-history":[{"count":0,"href":"https:\/\/jms.com.bo\/mediamonitorbo\/wp-json\/wp\/v2\/posts\/1730\/revisions"}],"wp:featuredmedia":[{"embeddable":true,"href":"https:\/\/jms.com.bo\/mediamonitorbo\/wp-json\/wp\/v2\/media\/1731"}],"wp:attachment":[{"href":"https:\/\/jms.com.bo\/mediamonitorbo\/wp-json\/wp\/v2\/media?parent=1730"}],"wp:term":[{"taxonomy":"category","embeddable":true,"href":"https:\/\/jms.com.bo\/mediamonitorbo\/wp-json\/wp\/v2\/categories?post=1730"},{"taxonomy":"post_tag","embeddable":true,"href":"https:\/\/jms.com.bo\/mediamonitorbo\/wp-json\/wp\/v2\/tags?post=1730"}],"curies":[{"name":"wp","href":"https:\/\/api.w.org\/{rel}","templated":true}]}}