{"id":1735,"date":"2025-02-05T06:23:49","date_gmt":"2025-02-05T10:23:49","guid":{"rendered":"https:\/\/jms.com.bo\/mediamonitorbo\/2025\/02\/05\/fmi-evidencia-estado-critico-de-economia-boliviana-con-el-mas\/"},"modified":"2025-02-05T06:23:49","modified_gmt":"2025-02-05T10:23:49","slug":"fmi-evidencia-estado-critico-de-economia-boliviana-con-el-mas","status":"publish","type":"post","link":"https:\/\/jms.com.bo\/mediamonitorbo\/2025\/02\/05\/fmi-evidencia-estado-critico-de-economia-boliviana-con-el-mas\/","title":{"rendered":"FMI evidencia estado cr\u00edtico de econom\u00eda boliviana con el MAS"},"content":{"rendered":"<p>Tras conocerse el contenido de un informe del Fondo Monetario Internacional (FMI) en el que se recomienda al gobierno boliviano aplicar una devaluaci\u00f3n de su moneda para evitar desequilibrios, los legisladores de oposici\u00f3n cuestionaron al Gobierno por no tomar en cuenta alertas de la entidad que revelan el estado calamitoso de la econom\u00eda tras casi dos d\u00e9cadas del \u201cmasismo\u201d en el poder.<br \/>\nEl diputado pace\u00f1o Alejandro Reyes, dijo que el estado cr\u00edtico de la econom\u00eda boliviana, reflejado en un informe para la gesti\u00f3n pasada, debe llamar a la preocupaci\u00f3n de todos, tomando en cuenta que las sugerencias expresadas en el estudio nunca fueron aplicadas.<br \/>\nLa diputada Luisa Nayar, a trav\u00e9s de sus redes sociales, lament\u00f3 que a diario se conozcan informes y reportes, de distinta procedencia, en los que se hace referencia al \u201cestado calamitoso y terminal\u201d de la econom\u00eda nacional.<br \/>\nEn criterio de la legisladora, este es el pa\u00eds que deja el \u201cmodelo fracasado\u201d del populismo autoritario \u201cmasista\u201d, con ruina, inflaci\u00f3n, recesi\u00f3n, deudas, carest\u00eda y m\u00e1s crisis.<br \/>\nEl ministro de Econom\u00eda y Finanzas P\u00fablicas, Marcelo Montenegro, en conferencia de prensa, asever\u00f3 que las recomendaciones en cuesti\u00f3n tomaron en cuenta cifras del 2023, por lo que quedaron \u201crezagadas\u201d debido a las acciones asumidas la gesti\u00f3n pasada para dinamizar las exportaciones y atraer divisas.<\/p>\n","protected":false},"excerpt":{"rendered":"<p>Tras conocerse el contenido de un informe del Fondo Monetario Internacional (FMI) en el que se recomienda al gobierno boliviano aplicar una devaluaci\u00f3n de su moneda para evitar desequilibrios, los legisladores de oposici\u00f3n cuestionaron al Gobierno por no tomar en cuenta alertas de la entidad que revelan el estado calamitoso de la econom\u00eda tras casi [&hellip;]<\/p>\n","protected":false},"author":1,"featured_media":1736,"comment_status":"","ping_status":"open","sticky":false,"template":"","format":"standard","meta":{"pagelayer_contact_templates":[],"_pagelayer_content":"","footnotes":""},"categories":[19,29,24],"tags":[],"class_list":{"0":"post-1735","1":"post","2":"type-post","3":"status-publish","4":"format-standard","5":"has-post-thumbnail","7":"category-economia","8":"category-portada-economia","9":"category-portada-general-sitio"},"_links":{"self":[{"href":"https:\/\/jms.com.bo\/mediamonitorbo\/wp-json\/wp\/v2\/posts\/1735","targetHints":{"allow":["GET"]}}],"collection":[{"href":"https:\/\/jms.com.bo\/mediamonitorbo\/wp-json\/wp\/v2\/posts"}],"about":[{"href":"https:\/\/jms.com.bo\/mediamonitorbo\/wp-json\/wp\/v2\/types\/post"}],"author":[{"embeddable":true,"href":"https:\/\/jms.com.bo\/mediamonitorbo\/wp-json\/wp\/v2\/users\/1"}],"replies":[{"embeddable":true,"href":"https:\/\/jms.com.bo\/mediamonitorbo\/wp-json\/wp\/v2\/comments?post=1735"}],"version-history":[{"count":0,"href":"https:\/\/jms.com.bo\/mediamonitorbo\/wp-json\/wp\/v2\/posts\/1735\/revisions"}],"wp:featuredmedia":[{"embeddable":true,"href":"https:\/\/jms.com.bo\/mediamonitorbo\/wp-json\/wp\/v2\/media\/1736"}],"wp:attachment":[{"href":"https:\/\/jms.com.bo\/mediamonitorbo\/wp-json\/wp\/v2\/media?parent=1735"}],"wp:term":[{"taxonomy":"category","embeddable":true,"href":"https:\/\/jms.com.bo\/mediamonitorbo\/wp-json\/wp\/v2\/categories?post=1735"},{"taxonomy":"post_tag","embeddable":true,"href":"https:\/\/jms.com.bo\/mediamonitorbo\/wp-json\/wp\/v2\/tags?post=1735"}],"curies":[{"name":"wp","href":"https:\/\/api.w.org\/{rel}","templated":true}]}}