{"id":1737,"date":"2025-02-05T06:22:28","date_gmt":"2025-02-05T10:22:28","guid":{"rendered":"https:\/\/jms.com.bo\/mediamonitorbo\/2025\/02\/05\/bolivia-y-suiza-impulsan-nueva-fase-de-cooperacion-economica\/"},"modified":"2025-02-05T06:22:28","modified_gmt":"2025-02-05T10:22:28","slug":"bolivia-y-suiza-impulsan-nueva-fase-de-cooperacion-economica","status":"publish","type":"post","link":"https:\/\/jms.com.bo\/mediamonitorbo\/2025\/02\/05\/bolivia-y-suiza-impulsan-nueva-fase-de-cooperacion-economica\/","title":{"rendered":"Bolivia y Suiza impulsan nueva fase de cooperaci\u00f3n econ\u00f3mica"},"content":{"rendered":"<p>La ministra de Relaciones Exteriores, Celinda Sosa, recibi\u00f3 este martes al consejero federal y jefe del Departamento de Asuntos Exteriores de la Confederaci\u00f3n Suiza, Ignazio Cassis, en el marco de su visita oficial al pa\u00eds, que se extiende del 4 al 5 de febrero.<br \/>\nEste encuentro, adem\u00e1s de ser hist\u00f3rico por ser la primera visita de un alto funcionario suizo a Bolivia, pone el foco en fortalecer la cooperaci\u00f3n econ\u00f3mica entre ambas naciones.<br \/>\n\u201cEn 54 a\u00f1os de relaciones es la primera visita en la historia de cooperaci\u00f3n entre Suiza y Bolivia. Suiza ha invertido ac\u00e1 750 millones de d\u00f3lares. Hoy ingresamos en una nueva fase de las relaciones bilaterales\u201d, destac\u00f3 Cassis, citado en una nota de prensa de la Canciller\u00eda.<br \/>\nSuiza<br \/>\nEsta cifra, que representa un compromiso econ\u00f3mico significativo, sienta las bases para ampliar los lazos comerciales y abrir nuevos mercados en sectores estrat\u00e9gicos para la econom\u00eda boliviana.<br \/>\nEl intercambio tambi\u00e9n abord\u00f3 la adhesi\u00f3n de Bolivia al Mercado del Sur (Mercosur), la actualizaci\u00f3n del Acuerdo de Servicios A\u00e9reos y la apertura de mercados internacionales.<br \/>\nLa delegaci\u00f3n boliviana enfatiz\u00f3 en la importancia de estas iniciativas para diversificar la econom\u00eda del pa\u00eds, reducir la dependencia de los recursos naturales y fomentar el desarrollo de la industria y el comercio.<br \/>\nEn este contexto, se present\u00f3 una muestra de productos bolivianos con alto potencial exportador, como el cacao y el vino, lo cual refuerza el compromiso del Gobierno de impulsar la producci\u00f3n local y promover la imagen de \u201cHecho en Bolivia\u201d en el \u00e1mbito internacional.<br \/>\nSeg\u00fan la Canciller\u00eda, estas medidas son fundamentales para generar empleo, incrementar la competitividad y atraer a\u00fan m\u00e1s inversi\u00f3n extranjera directa en sectores estrat\u00e9gicos.<br \/>\nCassis, por su parte, se\u00f1al\u00f3 que este encuentro abre una \u201cpeque\u00f1a ventana\u201d que, en breve, se convertir\u00e1 en una \u201cpuerta muy grande\u201d para el desarrollo conjunto.<br \/>\nSosa destac\u00f3 la importancia de consolidar relaciones comerciales que impulsen la innovaci\u00f3n y el crecimiento econ\u00f3mico, especialmente en un momento en que Bolivia busca diversificar su econom\u00eda y fortalecer la integraci\u00f3n regional.<\/p>\n","protected":false},"excerpt":{"rendered":"<p>La ministra de Relaciones Exteriores, Celinda Sosa, recibi\u00f3 este martes al consejero federal y jefe del Departamento de Asuntos Exteriores de la Confederaci\u00f3n Suiza, Ignazio Cassis, en el marco de su visita oficial al pa\u00eds, que se extiende del 4 al 5 de febrero. Este encuentro, adem\u00e1s de ser hist\u00f3rico por ser la primera visita [&hellip;]<\/p>\n","protected":false},"author":1,"featured_media":1738,"comment_status":"","ping_status":"open","sticky":false,"template":"","format":"standard","meta":{"pagelayer_contact_templates":[],"_pagelayer_content":"","footnotes":""},"categories":[19],"tags":[],"class_list":{"0":"post-1737","1":"post","2":"type-post","3":"status-publish","4":"format-standard","5":"has-post-thumbnail","7":"category-economia"},"_links":{"self":[{"href":"https:\/\/jms.com.bo\/mediamonitorbo\/wp-json\/wp\/v2\/posts\/1737","targetHints":{"allow":["GET"]}}],"collection":[{"href":"https:\/\/jms.com.bo\/mediamonitorbo\/wp-json\/wp\/v2\/posts"}],"about":[{"href":"https:\/\/jms.com.bo\/mediamonitorbo\/wp-json\/wp\/v2\/types\/post"}],"author":[{"embeddable":true,"href":"https:\/\/jms.com.bo\/mediamonitorbo\/wp-json\/wp\/v2\/users\/1"}],"replies":[{"embeddable":true,"href":"https:\/\/jms.com.bo\/mediamonitorbo\/wp-json\/wp\/v2\/comments?post=1737"}],"version-history":[{"count":0,"href":"https:\/\/jms.com.bo\/mediamonitorbo\/wp-json\/wp\/v2\/posts\/1737\/revisions"}],"wp:featuredmedia":[{"embeddable":true,"href":"https:\/\/jms.com.bo\/mediamonitorbo\/wp-json\/wp\/v2\/media\/1738"}],"wp:attachment":[{"href":"https:\/\/jms.com.bo\/mediamonitorbo\/wp-json\/wp\/v2\/media?parent=1737"}],"wp:term":[{"taxonomy":"category","embeddable":true,"href":"https:\/\/jms.com.bo\/mediamonitorbo\/wp-json\/wp\/v2\/categories?post=1737"},{"taxonomy":"post_tag","embeddable":true,"href":"https:\/\/jms.com.bo\/mediamonitorbo\/wp-json\/wp\/v2\/tags?post=1737"}],"curies":[{"name":"wp","href":"https:\/\/api.w.org\/{rel}","templated":true}]}}