{"id":1747,"date":"2025-02-05T06:13:46","date_gmt":"2025-02-05T10:13:46","guid":{"rendered":"https:\/\/jms.com.bo\/mediamonitorbo\/2025\/02\/05\/ministro-montenegro-desmiente-a-claure-y-asegura-que-el-empresario-esta-detras-del-litio\/"},"modified":"2025-02-05T06:13:46","modified_gmt":"2025-02-05T10:13:46","slug":"ministro-montenegro-desmiente-a-claure-y-asegura-que-el-empresario-esta-detras-del-litio","status":"publish","type":"post","link":"https:\/\/jms.com.bo\/mediamonitorbo\/2025\/02\/05\/ministro-montenegro-desmiente-a-claure-y-asegura-que-el-empresario-esta-detras-del-litio\/","title":{"rendered":"Ministro Montenegro desmiente a Claure y asegura que el empresario est\u00e1 detr\u00e1s del litio"},"content":{"rendered":"<p>El ministro de Econom\u00eda y Finanzas P\u00fablicas, Marcelo Montenegro, neg\u00f3 haber llamado a Marcelo Claure para ofrecerle invertir en bonos y afirm\u00f3 que el verdadero inter\u00e9s del empresario es el litio boliviano.<br \/>\n\u201cYo no llam\u00e9 al se\u00f1or Claure, \u00e9l propici\u00f3 una reuni\u00f3n a trav\u00e9s de terceros (\u2026) En esa reuni\u00f3n \u00e9l plante\u00f3 que ten\u00eda contactos e intereses con algunos sectores de inversi\u00f3n en el \u00e1rea del litio para sus negocios. Nosotros le planteamos que en el marco de la ley financiera del PGE 2024, podr\u00edamos emitir bonos, los cuales podr\u00edan ser de inter\u00e9s en los mercados internacionales, que eran p\u00fablicos\u201d, dijo Montenegro en conferencia de prensa.<br \/>\nLa declaraci\u00f3n del ministro contradice lo afirmado por Claure en una entrevista con Red Uno, en la queasegur\u00f3que Montenegro lo llam\u00f3 hace seis meses o un a\u00f1o para ofrecerle invertir en bonos. Seg\u00fan el empresario, la operaci\u00f3n no se concret\u00f3 porque \u00e9l pidi\u00f3 que el presidente, Luis Arce, lo contactara directamente.<br \/>\n\u00abRespond\u00ed que tal vez invertir\u00eda, pero que me llame el Presidente. Eran cientos de millones de d\u00f3lares. Puse a mi equipo financiero a hablar con ellos porque es dif\u00edcil decirle no a tu pa\u00eds. Si hay una parte d\u00e9bil en m\u00ed, es mi pa\u00eds. Ped\u00ed que me llame el presidente y ni as\u00ed\u00bb, lament\u00f3.<br \/>\nMontenegro asegur\u00f3 que la compra de bonos no prosper\u00f3 porque \u201clas propuestas t\u00e9cnicas eran inviables\u201d.<br \/>\nMontenegro: tiene inter\u00e9s por el litio<br \/>\nEl ministro afirm\u00f3 que Claure busca incursionar en el negocio del litio y, por ello, ha intentado acercarse a distintos actores pol\u00edticos.<br \/>\nSeg\u00fan Montenegro, Claure ha manifestado abiertamente que apoyar\u00e1 a cualquier candidato opositor al MAS. \u201cEl inter\u00e9s centrado, fundamental, es el litio. Entonces, vemos ah\u00ed un oportunismo del se\u00f1or Claure por ver c\u00f3mo puede acercarse al negocio del litio\u201d.<br \/>\nOtros temas en la entrevista<br \/>\nEn la entrevista, Claure tambi\u00e9n abord\u00f3 temas pol\u00edticos y econ\u00f3micos. Evalu\u00f3 la gesti\u00f3n de Luis Arce, a quien calific\u00f3 como \u00abel peor presidentede Bolivia\u00bb.<br \/>\nAdem\u00e1s, propuso realizar elecciones primarias digitales el15 de marzoy resalt\u00f3 laimportancia del litiopara la econom\u00eda del pa\u00eds.<\/p>\n","protected":false},"excerpt":{"rendered":"<p>El ministro de Econom\u00eda y Finanzas P\u00fablicas, Marcelo Montenegro, neg\u00f3 haber llamado a Marcelo Claure para ofrecerle invertir en bonos y afirm\u00f3 que el verdadero inter\u00e9s del empresario es el litio boliviano. \u201cYo no llam\u00e9 al se\u00f1or Claure, \u00e9l propici\u00f3 una reuni\u00f3n a trav\u00e9s de terceros (\u2026) En esa reuni\u00f3n \u00e9l plante\u00f3 que ten\u00eda contactos [&hellip;]<\/p>\n","protected":false},"author":1,"featured_media":1748,"comment_status":"","ping_status":"open","sticky":false,"template":"","format":"standard","meta":{"pagelayer_contact_templates":[],"_pagelayer_content":"","footnotes":""},"categories":[20],"tags":[],"class_list":{"0":"post-1747","1":"post","2":"type-post","3":"status-publish","4":"format-standard","5":"has-post-thumbnail","7":"category-politica"},"_links":{"self":[{"href":"https:\/\/jms.com.bo\/mediamonitorbo\/wp-json\/wp\/v2\/posts\/1747","targetHints":{"allow":["GET"]}}],"collection":[{"href":"https:\/\/jms.com.bo\/mediamonitorbo\/wp-json\/wp\/v2\/posts"}],"about":[{"href":"https:\/\/jms.com.bo\/mediamonitorbo\/wp-json\/wp\/v2\/types\/post"}],"author":[{"embeddable":true,"href":"https:\/\/jms.com.bo\/mediamonitorbo\/wp-json\/wp\/v2\/users\/1"}],"replies":[{"embeddable":true,"href":"https:\/\/jms.com.bo\/mediamonitorbo\/wp-json\/wp\/v2\/comments?post=1747"}],"version-history":[{"count":0,"href":"https:\/\/jms.com.bo\/mediamonitorbo\/wp-json\/wp\/v2\/posts\/1747\/revisions"}],"wp:featuredmedia":[{"embeddable":true,"href":"https:\/\/jms.com.bo\/mediamonitorbo\/wp-json\/wp\/v2\/media\/1748"}],"wp:attachment":[{"href":"https:\/\/jms.com.bo\/mediamonitorbo\/wp-json\/wp\/v2\/media?parent=1747"}],"wp:term":[{"taxonomy":"category","embeddable":true,"href":"https:\/\/jms.com.bo\/mediamonitorbo\/wp-json\/wp\/v2\/categories?post=1747"},{"taxonomy":"post_tag","embeddable":true,"href":"https:\/\/jms.com.bo\/mediamonitorbo\/wp-json\/wp\/v2\/tags?post=1747"}],"curies":[{"name":"wp","href":"https:\/\/api.w.org\/{rel}","templated":true}]}}