{"id":1751,"date":"2025-02-05T06:10:42","date_gmt":"2025-02-05T10:10:42","guid":{"rendered":"https:\/\/jms.com.bo\/mediamonitorbo\/2025\/02\/05\/la-cancilleria-descarta-expatriaciones-masivas-de-bolivianos-en-eeuu\/"},"modified":"2025-02-05T06:10:42","modified_gmt":"2025-02-05T10:10:42","slug":"la-cancilleria-descarta-expatriaciones-masivas-de-bolivianos-en-eeuu","status":"publish","type":"post","link":"https:\/\/jms.com.bo\/mediamonitorbo\/2025\/02\/05\/la-cancilleria-descarta-expatriaciones-masivas-de-bolivianos-en-eeuu\/","title":{"rendered":"La Canciller\u00eda descarta expatriaciones masivas de bolivianos en EEUU"},"content":{"rendered":"<p>El viceministro de Gesti\u00f3n Consular e Institucional, dependiente de la Canciller\u00eda de Bolivia, Fernando P\u00e9rez, descart\u00f3, por ahora,que se produzca una eventual deportaci\u00f3n \u201cmasiva\u201d de inmigrantes bolivianos desde EEUU. No obstante, garantiz\u00f3 la asistencia y protecci\u00f3n a todo residente boliviano en el exterior.<br \/>\n\u201cLas autoridades consulares en EEUU han estado trabajando en la documentaci\u00f3n, el seguimiento de casos y la asistencia a los ciudadanos bolivianos que lo requieran. Asimismo, han reforzado la coordinaci\u00f3n con las autoridades locales para garantizar que los derechos de los migrantes sean respetados en cualquier proceso migratorio\u201d, dijo el viceministro, en conferencia de prensa.<br \/>\nPor su parte, la ministra de Relaciones Exteriores, Celinda Sosa, recalc\u00f3 el compromiso de velar por los derechos de los connacionales y enfatiz\u00f3 la importancia de que los bolivianos en EEUU se acerquen a los consulados para recibir orientaci\u00f3n en su situaci\u00f3n migratoria y anunci\u00f3 el fortalecimiento de la labor consular, mediante campa\u00f1as de documentaci\u00f3n y la activaci\u00f3n de plataformas digitales.<br \/>\nComunidad boliviana<br \/>\nEste diario intent\u00f3, en varias oportunidades, comunicarse con el Consulado boliviano, pero no se tuvo respuesta.<br \/>\nEn contacto con Los Tiempos, Rudy Henrich, un boliviano que vive hace d\u00e9cadas en el estado de Virginia, advirti\u00f3 que las redadas y deportaciones, podr\u00edan afectar considerablemente a algunos rubros en los que tambi\u00e9n la comunidad boliviana se desempe\u00f1a.<br \/>\n\u201cTras un D\u00eda sin inmigrantes, donde se sinti\u00f3 la gran influencia econ\u00f3mica de la comunidad hispanohablante, considero que los rubros que podr\u00edan mermar, tanto en los compatriotas como en la econom\u00eda de EEUU, son la construcci\u00f3n, gastronom\u00eda, servicios de limpieza y otros\u201d, dijo.<br \/>\nHenrich acot\u00f3 que las \u00e1reas mencionadas podr\u00edan entrar en una situaci\u00f3n complicada, una vez que se ingrese a la estaci\u00f3n de primavera, que es cuando se activan las compa\u00f1\u00edas en las que igualmente trabajan los bolivianos.<br \/>\n\u201cPor el momento creo que la paralizaci\u00f3n comercial del pasado lunes se sinti\u00f3 m\u00e1s en algunas ciudades en las que los inmigrantes tienen una influencia importante, en Virginia, particularmente, el sector de la construcci\u00f3n y gastronom\u00eda son los m\u00e1s cotizados\u201d. El Gobierno de Trump todav\u00eda no ha dimensionado las consecuencias que causar\u00e1 en la producci\u00f3n, sobre todo agr\u00edcola y de servicios, las deportaciones masivas\u201d, concluy\u00f3 Henrich.<br \/>\nUn d\u00eda sin inmigrantes<br \/>\nVarias ciudades de EEUU vivieron el pasado lunes un d\u00eda sin inmigrantes. La medida se caracteriz\u00f3 por no consumir productos estadounidenses, no enviar a los ni\u00f1os a las escuelas, no utilizar transporte p\u00fablico ni asistir a los trabajos. Fue adoptada como rechazo a las pol\u00edticas antimigratorias del presidente Trump y demostrar el importante aporte que tiene la comunidad hispanohablante en la econom\u00eda de EEUU. De acuerdo a Rudy Henrich, el impacto que caus\u00f3 esta medida en la macro econom\u00eda de EEUU, se podr\u00e1 advertir en corto plazo.<\/p>\n","protected":false},"excerpt":{"rendered":"<p>El viceministro de Gesti\u00f3n Consular e Institucional, dependiente de la Canciller\u00eda de Bolivia, Fernando P\u00e9rez, descart\u00f3, por ahora,que se produzca una eventual deportaci\u00f3n \u201cmasiva\u201d de inmigrantes bolivianos desde EEUU. No obstante, garantiz\u00f3 la asistencia y protecci\u00f3n a todo residente boliviano en el exterior. \u201cLas autoridades consulares en EEUU han estado trabajando en la documentaci\u00f3n, el [&hellip;]<\/p>\n","protected":false},"author":1,"featured_media":1752,"comment_status":"","ping_status":"open","sticky":false,"template":"","format":"standard","meta":{"pagelayer_contact_templates":[],"_pagelayer_content":"","footnotes":""},"categories":[21],"tags":[],"class_list":{"0":"post-1751","1":"post","2":"type-post","3":"status-publish","4":"format-standard","5":"has-post-thumbnail","7":"category-actualidad"},"_links":{"self":[{"href":"https:\/\/jms.com.bo\/mediamonitorbo\/wp-json\/wp\/v2\/posts\/1751","targetHints":{"allow":["GET"]}}],"collection":[{"href":"https:\/\/jms.com.bo\/mediamonitorbo\/wp-json\/wp\/v2\/posts"}],"about":[{"href":"https:\/\/jms.com.bo\/mediamonitorbo\/wp-json\/wp\/v2\/types\/post"}],"author":[{"embeddable":true,"href":"https:\/\/jms.com.bo\/mediamonitorbo\/wp-json\/wp\/v2\/users\/1"}],"replies":[{"embeddable":true,"href":"https:\/\/jms.com.bo\/mediamonitorbo\/wp-json\/wp\/v2\/comments?post=1751"}],"version-history":[{"count":0,"href":"https:\/\/jms.com.bo\/mediamonitorbo\/wp-json\/wp\/v2\/posts\/1751\/revisions"}],"wp:featuredmedia":[{"embeddable":true,"href":"https:\/\/jms.com.bo\/mediamonitorbo\/wp-json\/wp\/v2\/media\/1752"}],"wp:attachment":[{"href":"https:\/\/jms.com.bo\/mediamonitorbo\/wp-json\/wp\/v2\/media?parent=1751"}],"wp:term":[{"taxonomy":"category","embeddable":true,"href":"https:\/\/jms.com.bo\/mediamonitorbo\/wp-json\/wp\/v2\/categories?post=1751"},{"taxonomy":"post_tag","embeddable":true,"href":"https:\/\/jms.com.bo\/mediamonitorbo\/wp-json\/wp\/v2\/tags?post=1751"}],"curies":[{"name":"wp","href":"https:\/\/api.w.org\/{rel}","templated":true}]}}