{"id":1755,"date":"2025-02-05T06:06:26","date_gmt":"2025-02-05T10:06:26","guid":{"rendered":"https:\/\/jms.com.bo\/mediamonitorbo\/2025\/02\/05\/empresas-bloquean-el-centro-paceno-con-camiones-y-tractores-y-exigen-a-la-alcaldia-el-pago-de-una-deuda-de-mas-de-60-mm\/"},"modified":"2025-02-05T06:06:26","modified_gmt":"2025-02-05T10:06:26","slug":"empresas-bloquean-el-centro-paceno-con-camiones-y-tractores-y-exigen-a-la-alcaldia-el-pago-de-una-deuda-de-mas-de-60-mm","status":"publish","type":"post","link":"https:\/\/jms.com.bo\/mediamonitorbo\/2025\/02\/05\/empresas-bloquean-el-centro-paceno-con-camiones-y-tractores-y-exigen-a-la-alcaldia-el-pago-de-una-deuda-de-mas-de-60-mm\/","title":{"rendered":"Empresas bloquean el centro pace\u00f1o con camiones y tractores y exigen a la Alcald\u00eda el pago de una deuda de m\u00e1s de 60 MM"},"content":{"rendered":"<p>Empresas privadas de maquinaria pesada bloquearon este martes con sus camiones y tractores la calle Mercado, donde funciona la sede de la comuna, exigiendo al alcalde de La Paz, Iv\u00e1n Arias el pago de m\u00e1s de 60 millones de bolivianos que les adeudan por trabajos que realizaron en los r\u00edos, rellenos y otras obras en el municipio pace\u00f1o, inform\u00f3 su representante, Gustavo Cordero. Denuncian que las deudas datan de 2020.<br \/>\n\u201cSon tres gestiones que no se nos paga la deuda, son m\u00e1s de 60 millones de bolivianos; somos m\u00e1s de 40 empresas las afectadas y nos vemos en la obligaci\u00f3n de realizar esta medida de presi\u00f3n\u201d, expres\u00f3 Cordero, en un contacto con los medios.<br \/>\nExplic\u00f3 que cada una de estas 40 empresas tiene m\u00e1s de 40 empleados que se ven perjudicados por la falta de pago de sus salarios, aguinaldos, y otros beneficios.<br \/>\nEstas empresas prestan el servicio a la Alcald\u00eda con topadoras, excavadoras, volquetas, retroexcavadoras y otra maquinaria en los trabajos de emergencia en las temporadas de lluvias.<br \/>\n\u201cAl alcalde Arias lo hemos ayudado por m\u00e1s de tres gestiones y no paga sus deudas y est\u00e1 generando que lleguemos a este conflicto\u201d, reclam\u00f3 el representante.<br \/>\nInform\u00f3 que sostuvo una reuni\u00f3n con Arias hace una semana, sin lograr un acuerdo. \u201cNo quiere firmar ning\u00fan compromiso de pago; no sabemos sus motivos, pero es por eso que estamos ac\u00e1\u201d, reclam\u00f3.<br \/>\nCordero revel\u00f3 que uno de sus operadores perdi\u00f3 la vida mientras trabajaba en uno de los r\u00edos de la ciudad.<br \/>\nEl oficial Asesor de la Alcald\u00eda de La Paz, \u00d3scar Navarro, indic\u00f3 este martes que ya pagaron 39 millones de bolivianos a las empresas que bloquean en el centro de La Paz, seg\u00fan la agencia municipal. El funcionario indic\u00f3 que el anterior fin de semana Arias se reuni\u00f3 con los movilizados y acordaron que esta semana se les cancelar\u00eda cinco millones de bolivianos y parte de la deuda, en el transcurso de la gesti\u00f3n.<br \/>\n\u201cEl tema del no pago es un problema estructural que se presenta en todas las entidades p\u00fablicas del pa\u00eds, porque han bajado los recursos econ\u00f3micos, en el caso del Gobierno Aut\u00f3nomo Municipal de La Paz, en la gesti\u00f3n 2024 hemos recibido 20 millones menos de lo que correspond\u00eda al Impuesto Directo de los Hidrocarburos y que esos recursos estaban comprometidos en el gasto\u201d, explic\u00f3 Navarro.<\/p>\n","protected":false},"excerpt":{"rendered":"<p>Empresas privadas de maquinaria pesada bloquearon este martes con sus camiones y tractores la calle Mercado, donde funciona la sede de la comuna, exigiendo al alcalde de La Paz, Iv\u00e1n Arias el pago de m\u00e1s de 60 millones de bolivianos que les adeudan por trabajos que realizaron en los r\u00edos, rellenos y otras obras en [&hellip;]<\/p>\n","protected":false},"author":1,"featured_media":1756,"comment_status":"","ping_status":"open","sticky":false,"template":"","format":"standard","meta":{"pagelayer_contact_templates":[],"_pagelayer_content":"","footnotes":""},"categories":[22],"tags":[],"class_list":{"0":"post-1755","1":"post","2":"type-post","3":"status-publish","4":"format-standard","5":"has-post-thumbnail","7":"category-social"},"_links":{"self":[{"href":"https:\/\/jms.com.bo\/mediamonitorbo\/wp-json\/wp\/v2\/posts\/1755","targetHints":{"allow":["GET"]}}],"collection":[{"href":"https:\/\/jms.com.bo\/mediamonitorbo\/wp-json\/wp\/v2\/posts"}],"about":[{"href":"https:\/\/jms.com.bo\/mediamonitorbo\/wp-json\/wp\/v2\/types\/post"}],"author":[{"embeddable":true,"href":"https:\/\/jms.com.bo\/mediamonitorbo\/wp-json\/wp\/v2\/users\/1"}],"replies":[{"embeddable":true,"href":"https:\/\/jms.com.bo\/mediamonitorbo\/wp-json\/wp\/v2\/comments?post=1755"}],"version-history":[{"count":0,"href":"https:\/\/jms.com.bo\/mediamonitorbo\/wp-json\/wp\/v2\/posts\/1755\/revisions"}],"wp:featuredmedia":[{"embeddable":true,"href":"https:\/\/jms.com.bo\/mediamonitorbo\/wp-json\/wp\/v2\/media\/1756"}],"wp:attachment":[{"href":"https:\/\/jms.com.bo\/mediamonitorbo\/wp-json\/wp\/v2\/media?parent=1755"}],"wp:term":[{"taxonomy":"category","embeddable":true,"href":"https:\/\/jms.com.bo\/mediamonitorbo\/wp-json\/wp\/v2\/categories?post=1755"},{"taxonomy":"post_tag","embeddable":true,"href":"https:\/\/jms.com.bo\/mediamonitorbo\/wp-json\/wp\/v2\/tags?post=1755"}],"curies":[{"name":"wp","href":"https:\/\/api.w.org\/{rel}","templated":true}]}}