{"id":1781,"date":"2025-02-04T08:04:35","date_gmt":"2025-02-04T12:04:35","guid":{"rendered":"https:\/\/jms.com.bo\/mediamonitorbo\/2025\/02\/04\/el-mutun-con-retrasos-y-no-operara-al-100-este-ano\/"},"modified":"2025-02-04T08:04:35","modified_gmt":"2025-02-04T12:04:35","slug":"el-mutun-con-retrasos-y-no-operara-al-100-este-ano","status":"publish","type":"post","link":"https:\/\/jms.com.bo\/mediamonitorbo\/2025\/02\/04\/el-mutun-con-retrasos-y-no-operara-al-100-este-ano\/","title":{"rendered":"El Mut\u00fan con retrasos y no operar\u00e1 al 100% este a\u00f1o"},"content":{"rendered":"<p>El Complejo Sider\u00fargico del Mut\u00fan, que debi\u00f3 ingresar en operaciones en 2024, reci\u00e9n ser\u00eda inaugurado e ingresa en funcionamiento con capacidad reducida, y se espera que hasta fin de a\u00f1o pueda operar a su m\u00e1xima capacidad.<br \/>\nA pesar de la propaganda del Gobierno sobre el Mut\u00fan, el complejo sufri\u00f3 retrasos, pues la inauguraci\u00f3n estaba fijada en septiembre de 2024, luego se traslad\u00f3 para diciembre y ahora las autoridades indican que ser\u00e1 para esta gesti\u00f3n.<br \/>\nA eso hay que sumar que oficialmente no trabajar\u00e1 al 100%, debido a que falta algunas obras complementarias, por lo que para el segundo semestre se traslada las operaciones completas de la obra.<br \/>\nDespu\u00e9s de 60 a\u00f1os, el Complejo Sider\u00fargico del Mut\u00fan es una realidad y demuestra que los bolivianos somos capaces de construir obras de magnitud y ponerlas en funcionamiento, afirm\u00f3 el presidente de la Empresa Sider\u00fargica del Mut\u00fan (ESM), Jorge Alvarado.<br \/>\nSin embargo, no mencion\u00f3 que en la gesti\u00f3n de Evo Morales se firm\u00f3 un contrato con la empresa de la India Jindal, que no lleg\u00f3 a concretarse por la falta de gas al complejo.<br \/>\nRecord\u00f3 que este megaproyecto fue anhelado desde hace m\u00e1s de 60 a\u00f1os y ning\u00fan Gobierno lo impuls\u00f3 de manera ser\u00eda.<br \/>\nNo obstante, en \u201ccuesti\u00f3n de tres a\u00f1os y medio, en la gesti\u00f3n y gracias al apoyo e impulso del presidente Luis Arce y tambi\u00e9n con el apoyo permanente de nuestro ministro Alejandro Santos, se est\u00e1 haciendo realidad\u201d, destac\u00f3.<br \/>\nLa nueva industria est\u00e1 conformada por 7 plantas: Concentraci\u00f3n, Peletizaci\u00f3n, Reducci\u00f3n Directa del Hierro (DRI), Acer\u00eda, Laminaci\u00f3n, Central El\u00e9ctrica y Auxiliares, que representan una inversi\u00f3n de 546 millones de d\u00f3lares.<br \/>\nEs de los pocos proyectos a escala internacional que cuenta con tecnolog\u00eda de Alemania, Espa\u00f1a, Italia, Francia, Estados Unidos, M\u00e9xico, Emiratos \u00c1rabes y China. Para transportar los equipos desde los puertos de Arica, Iquique y Matarani se emplearon m\u00e1s de 2.000 camiones.<br \/>\nEn tanto que el reactor, que es el coraz\u00f3n del complejo sider\u00fargico, fue internado por la hidrov\u00eda Paraguay-Paran\u00e1.<br \/>\nEn la actualidad, el complejo est\u00e1 en la etapa de puesta en marcha, que consiste en hacer las pruebas en vac\u00edo y con carga con el fin de realizar los ajustes necesarios en los equipos de la planta.<br \/>\n\u201cNosotros continuaremos haciendo las pruebas hasta donde se pueda y hasta donde se debe hacer, haciendo todos los ajustes y despu\u00e9s seguramente vendr\u00e1 ya la inauguraci\u00f3n en su debida oportunidad. Pero dando la seguridad al pueblo boliviano de que este complejo no ser\u00e1 un elefante blanco y que este complejo va a traer los beneficios que debe de traer a los bolivianos\u201d, asegur\u00f3 Alvarado.<br \/>\nSeg\u00fan datos del Ministerio de Miner\u00eda y Metalurgia, el Complejo Sider\u00fargico del Mut\u00fan generar\u00e1 1.000 millones de d\u00f3lares cuando llegue a una producci\u00f3n de un millar de toneladas de acero por a\u00f1o.<br \/>\nLa nueva factor\u00eda industrial producir\u00e1 barras corrugadas de acero y alambr\u00f3n; la primera es requerida para la construcci\u00f3n y la segunda es materia prima para producir otros subproductos como tuercas, tornillos, clavos, volandas, pernos y otros que tienen gran demanda.<\/p>\n","protected":false},"excerpt":{"rendered":"<p>El Complejo Sider\u00fargico del Mut\u00fan, que debi\u00f3 ingresar en operaciones en 2024, reci\u00e9n ser\u00eda inaugurado e ingresa en funcionamiento con capacidad reducida, y se espera que hasta fin de a\u00f1o pueda operar a su m\u00e1xima capacidad. A pesar de la propaganda del Gobierno sobre el Mut\u00fan, el complejo sufri\u00f3 retrasos, pues la inauguraci\u00f3n estaba fijada [&hellip;]<\/p>\n","protected":false},"author":1,"featured_media":1782,"comment_status":"","ping_status":"open","sticky":false,"template":"","format":"standard","meta":{"pagelayer_contact_templates":[],"_pagelayer_content":"","footnotes":""},"categories":[19],"tags":[],"class_list":{"0":"post-1781","1":"post","2":"type-post","3":"status-publish","4":"format-standard","5":"has-post-thumbnail","7":"category-economia"},"_links":{"self":[{"href":"https:\/\/jms.com.bo\/mediamonitorbo\/wp-json\/wp\/v2\/posts\/1781","targetHints":{"allow":["GET"]}}],"collection":[{"href":"https:\/\/jms.com.bo\/mediamonitorbo\/wp-json\/wp\/v2\/posts"}],"about":[{"href":"https:\/\/jms.com.bo\/mediamonitorbo\/wp-json\/wp\/v2\/types\/post"}],"author":[{"embeddable":true,"href":"https:\/\/jms.com.bo\/mediamonitorbo\/wp-json\/wp\/v2\/users\/1"}],"replies":[{"embeddable":true,"href":"https:\/\/jms.com.bo\/mediamonitorbo\/wp-json\/wp\/v2\/comments?post=1781"}],"version-history":[{"count":0,"href":"https:\/\/jms.com.bo\/mediamonitorbo\/wp-json\/wp\/v2\/posts\/1781\/revisions"}],"wp:featuredmedia":[{"embeddable":true,"href":"https:\/\/jms.com.bo\/mediamonitorbo\/wp-json\/wp\/v2\/media\/1782"}],"wp:attachment":[{"href":"https:\/\/jms.com.bo\/mediamonitorbo\/wp-json\/wp\/v2\/media?parent=1781"}],"wp:term":[{"taxonomy":"category","embeddable":true,"href":"https:\/\/jms.com.bo\/mediamonitorbo\/wp-json\/wp\/v2\/categories?post=1781"},{"taxonomy":"post_tag","embeddable":true,"href":"https:\/\/jms.com.bo\/mediamonitorbo\/wp-json\/wp\/v2\/tags?post=1781"}],"curies":[{"name":"wp","href":"https:\/\/api.w.org\/{rel}","templated":true}]}}