{"id":1783,"date":"2025-02-04T08:03:25","date_gmt":"2025-02-04T12:03:25","guid":{"rendered":"https:\/\/jms.com.bo\/mediamonitorbo\/2025\/02\/04\/gobierno-niega-haber-destruido-la-economia-y-dice-que-hay-un-problema-estructural\/"},"modified":"2025-02-04T08:03:25","modified_gmt":"2025-02-04T12:03:25","slug":"gobierno-niega-haber-destruido-la-economia-y-dice-que-hay-un-problema-estructural","status":"publish","type":"post","link":"https:\/\/jms.com.bo\/mediamonitorbo\/2025\/02\/04\/gobierno-niega-haber-destruido-la-economia-y-dice-que-hay-un-problema-estructural\/","title":{"rendered":"Gobierno niega haber destruido la econom\u00eda y dice que hay un \u2018problema estructural\u2019"},"content":{"rendered":"<p>Tras presentar los datos del sistema financiero boliviano, en el que se observ\u00f3 un incremento en la mayor\u00eda de los rubros, el ministro de Econom\u00eda, Marcelo Montenegro, afirm\u00f3 que de ninguna manera se puede decir que el Gobierno haya destruido la econom\u00eda, como denuncian sectores de oposici\u00f3n.<br \/>\n\u201cNadie puede decir que hemos destruido la econom\u00eda, para nada, en todo caso lo que muestra estos n\u00fameros es que el Gobierno est\u00e1 cuidando la econom\u00eda, no se puede decir que est\u00e1 destrozada\u201d, sostuvo este lunes.<br \/>\nEconom\u00eda<br \/>\nMontenegro se refiri\u00f3 a las declaraciones de los expresidentes Evo Morales y Jorge Tuto Quiroga, quienes constantemente califican a la gesti\u00f3n de Luis Arce como \u201cla peor de la historia\u201d, por haber destruido la econom\u00eda.<br \/>\nAl respecto, el ministro dijo que los datos hablan por s\u00ed solos y evidencian un sistema financiero estable, en el cual, en su criterio, la poblaci\u00f3n tiene plena confianza.<br \/>\n\u201c\u00bfEso es destruir la econom\u00eda? M\u00e1s bien, deber\u00edamos ver los datos cuando \u00e9l era presidente, sobre todo c\u00f3mo se manejaba el sistema financiero. Deber\u00eda darle verg\u00fcenza mostrar esos datos\u201d, fustig\u00f3.<br \/>\nSin embargo, la autoridad reconoci\u00f3 que el pa\u00eds enfrenta un \u201cproblema estructural\u201d, que no es responsabilidad de Arce, tampoco de Morales, sino que se remonta a unas seis d\u00e9cadas atr\u00e1s.<br \/>\nProblema estructural<br \/>\n\u201cEl problema es la brecha externa; \u00e9se es un problema estructural no de una d\u00e9cada atr\u00e1s, sino de hace cinco, seis, siete d\u00e9cadas\u201d, explic\u00f3 Montenegro.<br \/>\nEn criterio de la autoridad, la dependencia del pa\u00eds de insumos, materiales y productos que se producen en el exterior, es una de las causas por las cuales el pa\u00eds atraviesa momentos econ\u00f3micos complicados, pues queda vulnerable a los cambios externos que se suscitan.<br \/>\nPor ello, destac\u00f3 que la pol\u00edtica de industrializaci\u00f3n con sustituci\u00f3n de importaciones busca finalmente cerrar esa brecha y solucionar el problema estructural del pa\u00eds.<br \/>\n\u201cNo es una transformaci\u00f3n inmediata, no es de la noche a la ma\u00f1ana, pero es la ruta en la que estamos\u201d, afirm\u00f3 Montenegro.<\/p>\n","protected":false},"excerpt":{"rendered":"<p>Tras presentar los datos del sistema financiero boliviano, en el que se observ\u00f3 un incremento en la mayor\u00eda de los rubros, el ministro de Econom\u00eda, Marcelo Montenegro, afirm\u00f3 que de ninguna manera se puede decir que el Gobierno haya destruido la econom\u00eda, como denuncian sectores de oposici\u00f3n. \u201cNadie puede decir que hemos destruido la econom\u00eda, [&hellip;]<\/p>\n","protected":false},"author":1,"featured_media":1784,"comment_status":"","ping_status":"open","sticky":false,"template":"","format":"standard","meta":{"pagelayer_contact_templates":[],"_pagelayer_content":"","footnotes":""},"categories":[19],"tags":[],"class_list":{"0":"post-1783","1":"post","2":"type-post","3":"status-publish","4":"format-standard","5":"has-post-thumbnail","7":"category-economia"},"_links":{"self":[{"href":"https:\/\/jms.com.bo\/mediamonitorbo\/wp-json\/wp\/v2\/posts\/1783","targetHints":{"allow":["GET"]}}],"collection":[{"href":"https:\/\/jms.com.bo\/mediamonitorbo\/wp-json\/wp\/v2\/posts"}],"about":[{"href":"https:\/\/jms.com.bo\/mediamonitorbo\/wp-json\/wp\/v2\/types\/post"}],"author":[{"embeddable":true,"href":"https:\/\/jms.com.bo\/mediamonitorbo\/wp-json\/wp\/v2\/users\/1"}],"replies":[{"embeddable":true,"href":"https:\/\/jms.com.bo\/mediamonitorbo\/wp-json\/wp\/v2\/comments?post=1783"}],"version-history":[{"count":0,"href":"https:\/\/jms.com.bo\/mediamonitorbo\/wp-json\/wp\/v2\/posts\/1783\/revisions"}],"wp:featuredmedia":[{"embeddable":true,"href":"https:\/\/jms.com.bo\/mediamonitorbo\/wp-json\/wp\/v2\/media\/1784"}],"wp:attachment":[{"href":"https:\/\/jms.com.bo\/mediamonitorbo\/wp-json\/wp\/v2\/media?parent=1783"}],"wp:term":[{"taxonomy":"category","embeddable":true,"href":"https:\/\/jms.com.bo\/mediamonitorbo\/wp-json\/wp\/v2\/categories?post=1783"},{"taxonomy":"post_tag","embeddable":true,"href":"https:\/\/jms.com.bo\/mediamonitorbo\/wp-json\/wp\/v2\/tags?post=1783"}],"curies":[{"name":"wp","href":"https:\/\/api.w.org\/{rel}","templated":true}]}}