{"id":1785,"date":"2025-02-04T08:02:19","date_gmt":"2025-02-04T12:02:19","guid":{"rendered":"https:\/\/jms.com.bo\/mediamonitorbo\/2025\/02\/04\/arce-sugiere-declarar-la-migracion-como-derecho-humano-y-ve-con-indignacion-las-deportaciones-de-eeuu\/"},"modified":"2025-02-04T08:02:19","modified_gmt":"2025-02-04T12:02:19","slug":"arce-sugiere-declarar-la-migracion-como-derecho-humano-y-ve-con-indignacion-las-deportaciones-de-eeuu","status":"publish","type":"post","link":"https:\/\/jms.com.bo\/mediamonitorbo\/2025\/02\/04\/arce-sugiere-declarar-la-migracion-como-derecho-humano-y-ve-con-indignacion-las-deportaciones-de-eeuu\/","title":{"rendered":"Arce sugiere declarar la migraci\u00f3n como derecho humano y ve con indignaci\u00f3n las deportaciones de EEUU"},"content":{"rendered":"<p>El presidente Luis Arce sugiri\u00f3 que, a partir de la Organizaci\u00f3n de Naciones Unidas, se declare a la migraci\u00f3n como derecho humano, esto en un contexto donde expres\u00f3 su indignaci\u00f3n por la manera en que se desarrollan las deportaciones de parte del Gobierno de Estados Unidos.<br \/>\nArce hizo este planteamiento durante la cumbre de la Alianza Bolivariana para los Pueblos de Nuestra Am\u00e9rica (ALBA), que se desarroll\u00f3 de manera virtual, junto a mandatarios de izquierda como Nicol\u00e1s Maduro, Miguel D\u00edaz-Canel y Daniel Ortega.<br \/>\nEl mandatario plante\u00f3 ante el ALBA el desaf\u00edo de evitar cualquier intento de criminalizaci\u00f3n de la migraci\u00f3n, sino garantizar un trato digno a cada persona en movilidad.<br \/>\n\u201cEs m\u00e1s, tendr\u00edamos como Alianza ser los impulsores en el \u00e1mbito multilateral para que Naciones Unidas declare la migraci\u00f3n como un derecho humano\u201d, sostuvo.<br \/>\nAsimismo, Arce manifest\u00f3 que en los \u00faltimos d\u00edas ha observado \u201ccon indignaci\u00f3n escenas de deportaci\u00f3n desde Estados Unidos de hombres y mujeres, encadenados y esposados que revive en la memoria la esclavitud, una de las etapas m\u00e1s vergonzosas de la historia de la humanidad\u201d.<br \/>\n\u201cNo podemos admitir estas violaciones de los derechos de los migrantes. Cada pa\u00eds tiene derecho a definir su pol\u00edtica migratoria, pero ninguno puede ignorar los tratados y acuerdos internacionales que regulan la movilidad humana y protegen la seguridad y dignidad de los migrantes\u201d, dijo.<br \/>\nEl presidente llam\u00f3 a rechazar las deportaciones y exigir un tratamiento respetuoso y justo para los connacionales.<br \/>\n\u201cDesde Bolivia nos oponemos a las pol\u00edticas securitistas, que ignoran el derecho humano a la libre circulaci\u00f3n, reconocido en la declaraci\u00f3n universal de los Derechos Humanos. El mundo no puede ser solo un espacio en la que circula libremente el capital, sino tambi\u00e9n los seres humanos\u201d, agreg\u00f3.<\/p>\n","protected":false},"excerpt":{"rendered":"<p>El presidente Luis Arce sugiri\u00f3 que, a partir de la Organizaci\u00f3n de Naciones Unidas, se declare a la migraci\u00f3n como derecho humano, esto en un contexto donde expres\u00f3 su indignaci\u00f3n por la manera en que se desarrollan las deportaciones de parte del Gobierno de Estados Unidos. Arce hizo este planteamiento durante la cumbre de la [&hellip;]<\/p>\n","protected":false},"author":1,"featured_media":1786,"comment_status":"","ping_status":"open","sticky":false,"template":"","format":"standard","meta":{"pagelayer_contact_templates":[],"_pagelayer_content":"","footnotes":""},"categories":[20,24,30],"tags":[],"class_list":{"0":"post-1785","1":"post","2":"type-post","3":"status-publish","4":"format-standard","5":"has-post-thumbnail","7":"category-politica","8":"category-portada-general-sitio","9":"category-portada-politica"},"_links":{"self":[{"href":"https:\/\/jms.com.bo\/mediamonitorbo\/wp-json\/wp\/v2\/posts\/1785","targetHints":{"allow":["GET"]}}],"collection":[{"href":"https:\/\/jms.com.bo\/mediamonitorbo\/wp-json\/wp\/v2\/posts"}],"about":[{"href":"https:\/\/jms.com.bo\/mediamonitorbo\/wp-json\/wp\/v2\/types\/post"}],"author":[{"embeddable":true,"href":"https:\/\/jms.com.bo\/mediamonitorbo\/wp-json\/wp\/v2\/users\/1"}],"replies":[{"embeddable":true,"href":"https:\/\/jms.com.bo\/mediamonitorbo\/wp-json\/wp\/v2\/comments?post=1785"}],"version-history":[{"count":0,"href":"https:\/\/jms.com.bo\/mediamonitorbo\/wp-json\/wp\/v2\/posts\/1785\/revisions"}],"wp:featuredmedia":[{"embeddable":true,"href":"https:\/\/jms.com.bo\/mediamonitorbo\/wp-json\/wp\/v2\/media\/1786"}],"wp:attachment":[{"href":"https:\/\/jms.com.bo\/mediamonitorbo\/wp-json\/wp\/v2\/media?parent=1785"}],"wp:term":[{"taxonomy":"category","embeddable":true,"href":"https:\/\/jms.com.bo\/mediamonitorbo\/wp-json\/wp\/v2\/categories?post=1785"},{"taxonomy":"post_tag","embeddable":true,"href":"https:\/\/jms.com.bo\/mediamonitorbo\/wp-json\/wp\/v2\/tags?post=1785"}],"curies":[{"name":"wp","href":"https:\/\/api.w.org\/{rel}","templated":true}]}}