{"id":1787,"date":"2025-02-04T08:01:13","date_gmt":"2025-02-04T12:01:13","guid":{"rendered":"https:\/\/jms.com.bo\/mediamonitorbo\/2025\/02\/04\/senador-flores-presenta-una-demanda-penal-contra-los-magistrados-prorrogados-del-tcp\/"},"modified":"2025-02-04T08:01:13","modified_gmt":"2025-02-04T12:01:13","slug":"senador-flores-presenta-una-demanda-penal-contra-los-magistrados-prorrogados-del-tcp","status":"publish","type":"post","link":"https:\/\/jms.com.bo\/mediamonitorbo\/2025\/02\/04\/senador-flores-presenta-una-demanda-penal-contra-los-magistrados-prorrogados-del-tcp\/","title":{"rendered":"Senador Flores presenta una demanda penal contra los magistrados prorrogados del TCP"},"content":{"rendered":"<p>El senador del Movimiento Al Socialismo (MAS) del ala evista Luis Adolfo Flores inform\u00f3 este lunes que present\u00f3 una denuncia penal en la Asamblea Legislativa contra los magistrados prorrogados Yv\u00e1n Espada y Gonzalo Hurtado por el delito de prevaricato y resoluciones contrarias a la Constituci\u00f3n y la ley, en el marco del juicio de responsabilidades.<br \/>\n\u201cLa fundamentaci\u00f3n es la Sentencia Constitucional 1010 de 2023 y su resoluci\u00f3n complementaria 083 de 2024. Interpreta la Constituci\u00f3n manifestado que no puede haber reelecci\u00f3n indefinida del presidente (de Estado), tambi\u00e9n no indefinida, incluyendo al presidente del Senado y de Diputados\u201d, se\u00f1al\u00f3.<br \/>\nAgreg\u00f3 que esta sentencia se\u00f1ala que no pueden ser reelectos m\u00e1s de dos veces. \u201cSu interpretaci\u00f3n de ellos no es constitucional, ni legal que ning\u00fan presidente del Senado o Diputados puede ser electo dos veces, o (que) los parlamentarios no puedan ser electos m\u00e1s de dos veces\u201d.<br \/>\n\u201cPodemos estar de acuerdo en la idea, pero debemos aprobar una nueva Constituci\u00f3n, debemos legislar las limitaciones de los derechos pol\u00edticos o sociales\u201d, dijo.<br \/>\nEl TCP, a trav\u00e9s del Auto Constitucional 0083 del 1 de noviembre de 2024, anula la reelecci\u00f3n continua o discontinua en el cargo de presidente del Estado.<br \/>\nEntonces, la Sala Cuarta Especializada del TCP resolvi\u00f3 \u201cla solicitud de enmienda, complementaci\u00f3n y aclaraci\u00f3n de la SCP 1010\/202-S4 del 28 de diciembre\u201d.<br \/>\nEn ella, dispuso que el periodo de mandato es \u201c\u00fanicamente por dos periodos, sean estos continuos o discontinuos sin posibilidad de ampliarse a un tercer mandato para las autoridades electas de los \u00f3rganos Legislativo, Ejecutivo y Judicial.<br \/>\nEl auto constitucional tambi\u00e9n complement\u00f3 \u201cque ninguna autoridad electa que hubiera superado dos candidaturas anteriores, podr\u00e1 candidatear y menos ejercer los cargos de Vicepresidente, Vicepresidente del Estado y Presidenta o Presidente de las Asamblea Legislativa Plurinacional, de Presidente o Presidente de la C\u00e1mara de Senadores ni de Diputados (sic)\u201d.<br \/>\nEl auto constitucional confirm\u00f3 tambi\u00e9n la inhabilitaci\u00f3n de Evo Morales como candidato a la presidencia de forma continua o discontinua, aunque desde el evismo se mantiene la posici\u00f3n de su habilitaci\u00f3n para los comicios del 17 de agosto.<\/p>\n","protected":false},"excerpt":{"rendered":"<p>El senador del Movimiento Al Socialismo (MAS) del ala evista Luis Adolfo Flores inform\u00f3 este lunes que present\u00f3 una denuncia penal en la Asamblea Legislativa contra los magistrados prorrogados Yv\u00e1n Espada y Gonzalo Hurtado por el delito de prevaricato y resoluciones contrarias a la Constituci\u00f3n y la ley, en el marco del juicio de responsabilidades. [&hellip;]<\/p>\n","protected":false},"author":1,"featured_media":1788,"comment_status":"","ping_status":"open","sticky":false,"template":"","format":"standard","meta":{"pagelayer_contact_templates":[],"_pagelayer_content":"","footnotes":""},"categories":[20],"tags":[],"class_list":{"0":"post-1787","1":"post","2":"type-post","3":"status-publish","4":"format-standard","5":"has-post-thumbnail","7":"category-politica"},"_links":{"self":[{"href":"https:\/\/jms.com.bo\/mediamonitorbo\/wp-json\/wp\/v2\/posts\/1787","targetHints":{"allow":["GET"]}}],"collection":[{"href":"https:\/\/jms.com.bo\/mediamonitorbo\/wp-json\/wp\/v2\/posts"}],"about":[{"href":"https:\/\/jms.com.bo\/mediamonitorbo\/wp-json\/wp\/v2\/types\/post"}],"author":[{"embeddable":true,"href":"https:\/\/jms.com.bo\/mediamonitorbo\/wp-json\/wp\/v2\/users\/1"}],"replies":[{"embeddable":true,"href":"https:\/\/jms.com.bo\/mediamonitorbo\/wp-json\/wp\/v2\/comments?post=1787"}],"version-history":[{"count":0,"href":"https:\/\/jms.com.bo\/mediamonitorbo\/wp-json\/wp\/v2\/posts\/1787\/revisions"}],"wp:featuredmedia":[{"embeddable":true,"href":"https:\/\/jms.com.bo\/mediamonitorbo\/wp-json\/wp\/v2\/media\/1788"}],"wp:attachment":[{"href":"https:\/\/jms.com.bo\/mediamonitorbo\/wp-json\/wp\/v2\/media?parent=1787"}],"wp:term":[{"taxonomy":"category","embeddable":true,"href":"https:\/\/jms.com.bo\/mediamonitorbo\/wp-json\/wp\/v2\/categories?post=1787"},{"taxonomy":"post_tag","embeddable":true,"href":"https:\/\/jms.com.bo\/mediamonitorbo\/wp-json\/wp\/v2\/tags?post=1787"}],"curies":[{"name":"wp","href":"https:\/\/api.w.org\/{rel}","templated":true}]}}