{"id":1789,"date":"2025-02-04T08:00:00","date_gmt":"2025-02-04T12:00:00","guid":{"rendered":"https:\/\/jms.com.bo\/mediamonitorbo\/2025\/02\/04\/arrojan-con-piedras-a-caravana-de-arce-en-tiquipaya-y-hay-dos-mujeres-arrestadas\/"},"modified":"2025-02-04T08:00:00","modified_gmt":"2025-02-04T12:00:00","slug":"arrojan-con-piedras-a-caravana-de-arce-en-tiquipaya-y-hay-dos-mujeres-arrestadas","status":"publish","type":"post","link":"https:\/\/jms.com.bo\/mediamonitorbo\/2025\/02\/04\/arrojan-con-piedras-a-caravana-de-arce-en-tiquipaya-y-hay-dos-mujeres-arrestadas\/","title":{"rendered":"Arrojan con piedras a caravana de Arce en Tiquipaya y hay dos mujeres arrestadas"},"content":{"rendered":"<p>Este lunes, la caravana de veh\u00edculos que escoltaba al presidente Luis Arce fue atacada con piedras por un grupo de personas tras el acto de inauguraci\u00f3n de la gesti\u00f3n escolar en el municipio de Tiquipaya, Cochabamba. Autoridades informaron que hay dos mujeres arrestadas por este incidente.<br \/>\n\u201cHemos recibido el reporte del personal del Comando Regional del Valle Bajo de que, lamentablemente, en la actividad que realizaba el se\u00f1or presidente por la inauguraci\u00f3n de la gesti\u00f3n escolar, luego de visitar una unidad educativa, personas ajenas al evento lanzaron piedras a la caravana de seguridad del presidente, impactando en el \u00faltimo veh\u00edculo\u201d, inform\u00f3 Edson Claure, comandante departamental de la Polic\u00eda de Cochabamba.<br \/>\nVideos difundidos en redes sociales muestran que un grupo de personas, entre ellas varias mujeres, se enfrent\u00f3 a los polic\u00edas en medio de gritos, empujones y forcejeos. Seg\u00fan Claure, no se registraron da\u00f1os personales, aunque s\u00ed hubo da\u00f1os materiales en el \u00faltimo veh\u00edculo de la caravana.<br \/>\n\u201cLas personas han sido arrestadas y remitidas a dependencias de la FELCC, donde se analizar\u00e1 la situaci\u00f3n y la Fiscal\u00eda tomar\u00e1 las determinaciones correspondientes. No hay heridos, pero s\u00ed da\u00f1os en el \u00faltimo veh\u00edculo. Las detenidas son dos mujeres\u201d, agreg\u00f3 la autoridad.<br \/>\nSin embargo, Radio Soberan\u00eda report\u00f3 que ser\u00edan tres las personas arrestadas, identificadas como Juana A.M., Eloteria A.M. y Yhelma A.M.<\/p>\n","protected":false},"excerpt":{"rendered":"<p>Este lunes, la caravana de veh\u00edculos que escoltaba al presidente Luis Arce fue atacada con piedras por un grupo de personas tras el acto de inauguraci\u00f3n de la gesti\u00f3n escolar en el municipio de Tiquipaya, Cochabamba. Autoridades informaron que hay dos mujeres arrestadas por este incidente. \u201cHemos recibido el reporte del personal del Comando Regional [&hellip;]<\/p>\n","protected":false},"author":1,"featured_media":1790,"comment_status":"","ping_status":"open","sticky":false,"template":"","format":"standard","meta":{"pagelayer_contact_templates":[],"_pagelayer_content":"","footnotes":""},"categories":[20],"tags":[],"class_list":{"0":"post-1789","1":"post","2":"type-post","3":"status-publish","4":"format-standard","5":"has-post-thumbnail","7":"category-politica"},"_links":{"self":[{"href":"https:\/\/jms.com.bo\/mediamonitorbo\/wp-json\/wp\/v2\/posts\/1789","targetHints":{"allow":["GET"]}}],"collection":[{"href":"https:\/\/jms.com.bo\/mediamonitorbo\/wp-json\/wp\/v2\/posts"}],"about":[{"href":"https:\/\/jms.com.bo\/mediamonitorbo\/wp-json\/wp\/v2\/types\/post"}],"author":[{"embeddable":true,"href":"https:\/\/jms.com.bo\/mediamonitorbo\/wp-json\/wp\/v2\/users\/1"}],"replies":[{"embeddable":true,"href":"https:\/\/jms.com.bo\/mediamonitorbo\/wp-json\/wp\/v2\/comments?post=1789"}],"version-history":[{"count":0,"href":"https:\/\/jms.com.bo\/mediamonitorbo\/wp-json\/wp\/v2\/posts\/1789\/revisions"}],"wp:featuredmedia":[{"embeddable":true,"href":"https:\/\/jms.com.bo\/mediamonitorbo\/wp-json\/wp\/v2\/media\/1790"}],"wp:attachment":[{"href":"https:\/\/jms.com.bo\/mediamonitorbo\/wp-json\/wp\/v2\/media?parent=1789"}],"wp:term":[{"taxonomy":"category","embeddable":true,"href":"https:\/\/jms.com.bo\/mediamonitorbo\/wp-json\/wp\/v2\/categories?post=1789"},{"taxonomy":"post_tag","embeddable":true,"href":"https:\/\/jms.com.bo\/mediamonitorbo\/wp-json\/wp\/v2\/tags?post=1789"}],"curies":[{"name":"wp","href":"https:\/\/api.w.org\/{rel}","templated":true}]}}