{"id":1795,"date":"2025-02-04T07:51:51","date_gmt":"2025-02-04T11:51:51","guid":{"rendered":"https:\/\/jms.com.bo\/mediamonitorbo\/2025\/02\/04\/transportistas-no-levantaran-el-paro-hasta-que-alcalde-suba-el-precio-del-pasaje\/"},"modified":"2025-02-04T07:51:51","modified_gmt":"2025-02-04T11:51:51","slug":"transportistas-no-levantaran-el-paro-hasta-que-alcalde-suba-el-precio-del-pasaje","status":"publish","type":"post","link":"https:\/\/jms.com.bo\/mediamonitorbo\/2025\/02\/04\/transportistas-no-levantaran-el-paro-hasta-que-alcalde-suba-el-precio-del-pasaje\/","title":{"rendered":"Transportistas no levantar\u00e1n el paro hasta que alcalde suba el precio del pasaje"},"content":{"rendered":"<p>La tarde de este lunes, los transportistas de Santa Cruz de la Sierra anunciaron que no levantar\u00e1n el paro que comenz\u00f3 este lunes hasta que el alcalde Jhonny Fern\u00e1denz emita un decreto autorizando el aumento del precio del pasaje.<br \/>\nLos transportistas, que durante el d\u00eda evaluaron la medida de presi\u00f3n, la calificaron de \u201ccontundente\u201d y aseguraron que la misma se mantendr\u00e1 hasta que la autoridad municipal intervenga.<br \/>\n\u201cLevantar con un decreto edil donde nos d\u00e9 la tarifa. Mire Cochabamba ha dado de 1.80 a 2.50 \u00bfc\u00f3mo es que no nos puede dar aqu\u00ed en Santa Cruz? Todo est\u00e1 caro: cuando sube la leche, la Coca-Cola, los repuestos\u2026 \u00bfqui\u00e9n hace ese an\u00e1lisis t\u00e9cnico?\u201d, cuestion\u00f3 Segundo Ricaldi, dirigente del sector.<br \/>\nLos transportistas exigen que el pasaje suba a 2.50 bolivianos y aseguran estar abiertos al di\u00e1logo, pero solo si el alcalde convoca a una mesa de negociaci\u00f3n. Seg\u00fan Ricaldi, el alcalde no particip\u00f3 en una reuni\u00f3n acordada previamente, lo que calificaron como una \u201cburla\u201d para el sector del transporte.<br \/>\n\u201cEste no es un juego, es un pedido leg\u00edtimo del transporte unido de todo Santa Cruz\u201d, se\u00f1al\u00f3 el dirigente, advirtiendo que de no recibir respuesta, el paro se mantendr\u00e1.<br \/>\nPor otro lado, la Federaci\u00f3n de Juntas Vecinales (Fejuve) tambi\u00e9n se pronunci\u00f3, anunciando una marcha de protesta en caso de que las autoridades no resuelvan el conflicto.<br \/>\nOrlando Pe\u00f1a, representante de la Fejuve, critic\u00f3 tanto a la dirigencia del transporte como a los miembros del Concejo Municipal y el alcalde por no haber resuelto la tarifa del pasaje desde el a\u00f1o pasado.<br \/>\n\u201cNadie busca una soluci\u00f3n. El problema persiste y ahora la poblaci\u00f3n es la m\u00e1s afectada. Vamos a tomar cartas en el asunto\u201d, manifest\u00f3 Pe\u00f1a.<br \/>\nLos vecinos, principalmente aquellos que dependen del transporte p\u00fablico para trasladarse a sus trabajos o escuelas, se han visto gravemente perjudicados por la falta de servicio.<br \/>\nPe\u00f1a advirti\u00f3 que si no se llega a una soluci\u00f3n para el mi\u00e9rcoles, la Fejuve convocar\u00e1 a una gran marcha de protesta en varias zonas de la ciudad.<\/p>\n","protected":false},"excerpt":{"rendered":"<p>La tarde de este lunes, los transportistas de Santa Cruz de la Sierra anunciaron que no levantar\u00e1n el paro que comenz\u00f3 este lunes hasta que el alcalde Jhonny Fern\u00e1denz emita un decreto autorizando el aumento del precio del pasaje. Los transportistas, que durante el d\u00eda evaluaron la medida de presi\u00f3n, la calificaron de \u201ccontundente\u201d y [&hellip;]<\/p>\n","protected":false},"author":1,"featured_media":1796,"comment_status":"","ping_status":"open","sticky":false,"template":"","format":"standard","meta":{"pagelayer_contact_templates":[],"_pagelayer_content":"","footnotes":""},"categories":[22],"tags":[],"class_list":{"0":"post-1795","1":"post","2":"type-post","3":"status-publish","4":"format-standard","5":"has-post-thumbnail","7":"category-social"},"_links":{"self":[{"href":"https:\/\/jms.com.bo\/mediamonitorbo\/wp-json\/wp\/v2\/posts\/1795","targetHints":{"allow":["GET"]}}],"collection":[{"href":"https:\/\/jms.com.bo\/mediamonitorbo\/wp-json\/wp\/v2\/posts"}],"about":[{"href":"https:\/\/jms.com.bo\/mediamonitorbo\/wp-json\/wp\/v2\/types\/post"}],"author":[{"embeddable":true,"href":"https:\/\/jms.com.bo\/mediamonitorbo\/wp-json\/wp\/v2\/users\/1"}],"replies":[{"embeddable":true,"href":"https:\/\/jms.com.bo\/mediamonitorbo\/wp-json\/wp\/v2\/comments?post=1795"}],"version-history":[{"count":0,"href":"https:\/\/jms.com.bo\/mediamonitorbo\/wp-json\/wp\/v2\/posts\/1795\/revisions"}],"wp:featuredmedia":[{"embeddable":true,"href":"https:\/\/jms.com.bo\/mediamonitorbo\/wp-json\/wp\/v2\/media\/1796"}],"wp:attachment":[{"href":"https:\/\/jms.com.bo\/mediamonitorbo\/wp-json\/wp\/v2\/media?parent=1795"}],"wp:term":[{"taxonomy":"category","embeddable":true,"href":"https:\/\/jms.com.bo\/mediamonitorbo\/wp-json\/wp\/v2\/categories?post=1795"},{"taxonomy":"post_tag","embeddable":true,"href":"https:\/\/jms.com.bo\/mediamonitorbo\/wp-json\/wp\/v2\/tags?post=1795"}],"curies":[{"name":"wp","href":"https:\/\/api.w.org\/{rel}","templated":true}]}}