{"id":1797,"date":"2025-02-04T07:50:33","date_gmt":"2025-02-04T11:50:33","guid":{"rendered":"https:\/\/jms.com.bo\/mediamonitorbo\/2025\/02\/04\/trabajadores-de-salud-levantan-el-paro-y-exigen-el-pago-total-de-salarios\/"},"modified":"2025-02-04T07:50:33","modified_gmt":"2025-02-04T11:50:33","slug":"trabajadores-de-salud-levantan-el-paro-y-exigen-el-pago-total-de-salarios","status":"publish","type":"post","link":"https:\/\/jms.com.bo\/mediamonitorbo\/2025\/02\/04\/trabajadores-de-salud-levantan-el-paro-y-exigen-el-pago-total-de-salarios\/","title":{"rendered":"Trabajadores de salud levantan el paro y exigen el pago total de salarios"},"content":{"rendered":"<p>Despu\u00e9s de tres semanas de paro, los trabajadores de salud han decidido otorgar un cuarto intermedio en sus protestas. Desde este martes, la atenci\u00f3n en los hospitales de primer, segundo y tercer nivel se restablecer\u00e1 en todo el departamento, aunque los trabajadores advierten que retomar\u00e1n la medida de presi\u00f3n si hasta el viernes no se cumple con el pago completo de los salarios adeudados.<br \/>\nRobert Hurtado, dirigente del sector, explic\u00f3 que, aunque ya se ha iniciado el pago de los salarios correspondientes al mes de diciembre, este no ha sido completo ni para todos los trabajadores.<br \/>\n\u201cEfectivamente, han comenzado a pagar diciembre, pero no a todos. Aun as\u00ed, hemos decidido dar un cuarto intermedio esta semana para consolidar el cumplimiento de nuestras demandas\u201d, detall\u00f3 Hurtado.<br \/>\nLos trabajadores de salud insisten en que el problema sigue sin resolverse. \u00abEsperamos no volver a ingresar en paro a partir del lunes 10; (pero lo haremos) si no completan el pago de diciembre y no cumplen con el mes de enero\u00bb, advirti\u00f3 el dirigente.<br \/>\nDesde hace m\u00e1s de tres semanas, los hospitales hab\u00edan suspendido consultas externas, cirug\u00edas programadas y ex\u00e1menes de laboratorio, limitando la atenci\u00f3n solo a emergencias.<br \/>\n\u201cLa gente no tiene la culpa, son las autoridades quienes han incumplido con los trabajadores\u201d, resalt\u00f3 Hurtado, dejando claro que, de no cumplirse sus demandas, el conflicto podr\u00eda reiniciarse con mayor fuerza a partir de la pr\u00f3xima semana.<\/p>\n","protected":false},"excerpt":{"rendered":"<p>Despu\u00e9s de tres semanas de paro, los trabajadores de salud han decidido otorgar un cuarto intermedio en sus protestas. Desde este martes, la atenci\u00f3n en los hospitales de primer, segundo y tercer nivel se restablecer\u00e1 en todo el departamento, aunque los trabajadores advierten que retomar\u00e1n la medida de presi\u00f3n si hasta el viernes no se [&hellip;]<\/p>\n","protected":false},"author":1,"featured_media":1798,"comment_status":"","ping_status":"open","sticky":false,"template":"","format":"standard","meta":{"pagelayer_contact_templates":[],"_pagelayer_content":"","footnotes":""},"categories":[22],"tags":[],"class_list":{"0":"post-1797","1":"post","2":"type-post","3":"status-publish","4":"format-standard","5":"has-post-thumbnail","7":"category-social"},"_links":{"self":[{"href":"https:\/\/jms.com.bo\/mediamonitorbo\/wp-json\/wp\/v2\/posts\/1797","targetHints":{"allow":["GET"]}}],"collection":[{"href":"https:\/\/jms.com.bo\/mediamonitorbo\/wp-json\/wp\/v2\/posts"}],"about":[{"href":"https:\/\/jms.com.bo\/mediamonitorbo\/wp-json\/wp\/v2\/types\/post"}],"author":[{"embeddable":true,"href":"https:\/\/jms.com.bo\/mediamonitorbo\/wp-json\/wp\/v2\/users\/1"}],"replies":[{"embeddable":true,"href":"https:\/\/jms.com.bo\/mediamonitorbo\/wp-json\/wp\/v2\/comments?post=1797"}],"version-history":[{"count":0,"href":"https:\/\/jms.com.bo\/mediamonitorbo\/wp-json\/wp\/v2\/posts\/1797\/revisions"}],"wp:featuredmedia":[{"embeddable":true,"href":"https:\/\/jms.com.bo\/mediamonitorbo\/wp-json\/wp\/v2\/media\/1798"}],"wp:attachment":[{"href":"https:\/\/jms.com.bo\/mediamonitorbo\/wp-json\/wp\/v2\/media?parent=1797"}],"wp:term":[{"taxonomy":"category","embeddable":true,"href":"https:\/\/jms.com.bo\/mediamonitorbo\/wp-json\/wp\/v2\/categories?post=1797"},{"taxonomy":"post_tag","embeddable":true,"href":"https:\/\/jms.com.bo\/mediamonitorbo\/wp-json\/wp\/v2\/tags?post=1797"}],"curies":[{"name":"wp","href":"https:\/\/api.w.org\/{rel}","templated":true}]}}