{"id":1799,"date":"2025-02-04T07:49:27","date_gmt":"2025-02-04T11:49:27","guid":{"rendered":"https:\/\/jms.com.bo\/mediamonitorbo\/2025\/02\/04\/sectores-productivos-envian-proyecto-para-derogar-disposicion-confiscatoria-del-pge\/"},"modified":"2025-02-04T07:49:27","modified_gmt":"2025-02-04T11:49:27","slug":"sectores-productivos-envian-proyecto-para-derogar-disposicion-confiscatoria-del-pge","status":"publish","type":"post","link":"https:\/\/jms.com.bo\/mediamonitorbo\/2025\/02\/04\/sectores-productivos-envian-proyecto-para-derogar-disposicion-confiscatoria-del-pge\/","title":{"rendered":"Sectores productivos env\u00edan proyecto para derogar disposici\u00f3n \u00abconfiscatoria\u00bb del PGE"},"content":{"rendered":"<p>La C\u00e1mara Nacional de Industrias (CNI) present\u00f3 a la Asamblea Legislativa Plurinacional un anteproyecto de ley con el cual se busca la derogaci\u00f3n de la Disposici\u00f3n Adicional S\u00e9ptima de la ley del Presupuesto General del Estado (PGE) 2025.<br \/>\nEn una conferencia de prensa, el presidente de la CNI, Pablo Camacho, descart\u00f3 que su sector tenga una posici\u00f3n pol\u00edtica al rechazar la disposici\u00f3n considerada \u00abconfiscatoria\u00bb y que se encuentra rechazada por varios sectores.<br \/>\n\u00abNuestra posici\u00f3n de derogar la citada disposici\u00f3n no puede ser interpretada como una posici\u00f3n pol\u00edtica, ya que se ha expuesto de forma reiterada que es atentatoria a derechos constitucionales y va en contra del sector productivo y de abastecimiento\u00bb, asegur\u00f3.<br \/>\nEl tener una posici\u00f3n contraria a lo que establece el Gobierno no puede considerarse como una \u00abpulsera pol\u00edtica\u00bb, seg\u00fan Camacho, por el contrario, dijo que, si se deroga la disposici\u00f3n en cuesti\u00f3n, el \u00abgran ganador\u00bb ser\u00e1 el pa\u00eds, lo que significar\u00eda una muestra de entendimiento.<br \/>\nEl presidente de la C\u00e1mara Nacional de Exportadores de Bolivia (Caneb), Danilo Velasco, afirm\u00f3 que el sector empresarial se mantiene unido en la posici\u00f3n de que deba derogarse la Disposici\u00f3n Adicional S\u00e9ptima del PGE.<br \/>\n\u00abEl sector exportador y formal va a seguir apostando por nuestro pa\u00eds, pero no podemos estar con estas medidas que lo \u00fanico que traen es incertidumbre y en definitiva espantar a nuestras inversiones\u00bb, a\u00f1adi\u00f3 Velasco.<br \/>\nAdem\u00e1s del anteproyecto de ley, se enviaron cartas al presidente Luis Arce, el presidente nato de la Asamblea Legislativa Plurinacional, David Choquehuanca, y a los presidentes de las c\u00e1maras de Senadores y de Diputados, Andr\u00f3nico Rodr\u00edguez y Omar Yujra, respectivamente, el pedido para derogar la disposici\u00f3n en cuesti\u00f3n.<br \/>\nEl Gobierno insisti\u00f3 que dialogar con los diferentes sectores para aclarar las dudas sobre las observaciones que tienen y avanzar en su reglamentaci\u00f3n.<\/p>\n","protected":false},"excerpt":{"rendered":"<p>La C\u00e1mara Nacional de Industrias (CNI) present\u00f3 a la Asamblea Legislativa Plurinacional un anteproyecto de ley con el cual se busca la derogaci\u00f3n de la Disposici\u00f3n Adicional S\u00e9ptima de la ley del Presupuesto General del Estado (PGE) 2025. En una conferencia de prensa, el presidente de la CNI, Pablo Camacho, descart\u00f3 que su sector tenga [&hellip;]<\/p>\n","protected":false},"author":1,"featured_media":1800,"comment_status":"","ping_status":"open","sticky":false,"template":"","format":"standard","meta":{"pagelayer_contact_templates":[],"_pagelayer_content":"","footnotes":""},"categories":[26],"tags":[],"class_list":{"0":"post-1799","1":"post","2":"type-post","3":"status-publish","4":"format-standard","5":"has-post-thumbnail","7":"category-alimentos-y-agroindustria"},"_links":{"self":[{"href":"https:\/\/jms.com.bo\/mediamonitorbo\/wp-json\/wp\/v2\/posts\/1799","targetHints":{"allow":["GET"]}}],"collection":[{"href":"https:\/\/jms.com.bo\/mediamonitorbo\/wp-json\/wp\/v2\/posts"}],"about":[{"href":"https:\/\/jms.com.bo\/mediamonitorbo\/wp-json\/wp\/v2\/types\/post"}],"author":[{"embeddable":true,"href":"https:\/\/jms.com.bo\/mediamonitorbo\/wp-json\/wp\/v2\/users\/1"}],"replies":[{"embeddable":true,"href":"https:\/\/jms.com.bo\/mediamonitorbo\/wp-json\/wp\/v2\/comments?post=1799"}],"version-history":[{"count":0,"href":"https:\/\/jms.com.bo\/mediamonitorbo\/wp-json\/wp\/v2\/posts\/1799\/revisions"}],"wp:featuredmedia":[{"embeddable":true,"href":"https:\/\/jms.com.bo\/mediamonitorbo\/wp-json\/wp\/v2\/media\/1800"}],"wp:attachment":[{"href":"https:\/\/jms.com.bo\/mediamonitorbo\/wp-json\/wp\/v2\/media?parent=1799"}],"wp:term":[{"taxonomy":"category","embeddable":true,"href":"https:\/\/jms.com.bo\/mediamonitorbo\/wp-json\/wp\/v2\/categories?post=1799"},{"taxonomy":"post_tag","embeddable":true,"href":"https:\/\/jms.com.bo\/mediamonitorbo\/wp-json\/wp\/v2\/tags?post=1799"}],"curies":[{"name":"wp","href":"https:\/\/api.w.org\/{rel}","templated":true}]}}