{"id":1801,"date":"2025-02-04T07:48:09","date_gmt":"2025-02-04T11:48:09","guid":{"rendered":"https:\/\/jms.com.bo\/mediamonitorbo\/2025\/02\/04\/los-casos-de-covid-19-bajan-en-el-pais\/"},"modified":"2025-02-04T07:48:09","modified_gmt":"2025-02-04T11:48:09","slug":"los-casos-de-covid-19-bajan-en-el-pais","status":"publish","type":"post","link":"https:\/\/jms.com.bo\/mediamonitorbo\/2025\/02\/04\/los-casos-de-covid-19-bajan-en-el-pais\/","title":{"rendered":"Los casos de COVID-19 bajan en el pa\u00eds"},"content":{"rendered":"<p>Tras un ascenso en el principio de gesti\u00f3n, el Ministerio de Salud inform\u00f3 este lunes 3 de febrero que se ha registrado un descenso en los casos de COVID-19. No obstante, aunque las cifras son menores, se ha pedido a la poblaci\u00f3n no confiarse y seguir con las medidas de bioseguridad.<br \/>\n\u201cTenemos cerca de dos semanas en disminuci\u00f3n de casos COVID-19, se ha presentado a nivel nacional un peque\u00f1o brote circunscrito al departamento de Santa Cruz, afortunadamente durante estas semanas hemos visto disminuci\u00f3n\u201d, inform\u00f3 la ministra de Salud, Mar\u00eda Ren\u00e9e Castro.<br \/>\nEl informe del ministerio se\u00f1ala que, en la cuarta semana epidemiol\u00f3gica de este a\u00f1o, el reporte de casos de COVID-19 llega a 293. De \u00e9stos, 49 corresponden al departamento de Santa Cruz, 115 a Cochabamba; 68, La Paz; 23, Chuquisaca; 14, Tarija; siete, Pando; cinco, Potos\u00ed; dos a Beni y 10 casos a Oruro.<br \/>\nEn efecto, el dato es menor al reportado a principios de a\u00f1o. En la primera semana epidemiol\u00f3gica del 2025, la cartera estatal informaba de 457 casos positivos; de los cuales, 369 se hab\u00edan reportado en Santa Cruz; 45 en Cochabamba; 15, Chuquisaca; 14, La Paz; ocho, Tarija; cuatro, Beni; uno en Potos\u00ed; uno, Oruro; y Pando estaba en cero.<br \/>\nA pesar de este esperanzador retroceso, Castro pidi\u00f3 a la poblaci\u00f3n continuar con los cuidados. El uso del barbijo, la vacunaci\u00f3n, desinfecci\u00f3n y lavado de manos son recomendados como formas efectivas de prevenir los contagios.<br \/>\n\u201cSi tenemos sintomatol\u00f3gica relacionada con una infecci\u00f3n respiratoria debemos lavarnos las manos con frecuencia, el uso del barbijo de manera responsable para evitar contagiar a los dem\u00e1s y siempre llevar con nosotros alcohol al 70%, sea l\u00edquido o en gel\u201d, se\u00f1al\u00f3 Castro.<\/p>\n","protected":false},"excerpt":{"rendered":"<p>Tras un ascenso en el principio de gesti\u00f3n, el Ministerio de Salud inform\u00f3 este lunes 3 de febrero que se ha registrado un descenso en los casos de COVID-19. No obstante, aunque las cifras son menores, se ha pedido a la poblaci\u00f3n no confiarse y seguir con las medidas de bioseguridad. \u201cTenemos cerca de dos [&hellip;]<\/p>\n","protected":false},"author":1,"featured_media":1802,"comment_status":"","ping_status":"open","sticky":false,"template":"","format":"standard","meta":{"pagelayer_contact_templates":[],"_pagelayer_content":"","footnotes":""},"categories":[32],"tags":[],"class_list":{"0":"post-1801","1":"post","2":"type-post","3":"status-publish","4":"format-standard","5":"has-post-thumbnail","7":"category-salud"},"_links":{"self":[{"href":"https:\/\/jms.com.bo\/mediamonitorbo\/wp-json\/wp\/v2\/posts\/1801","targetHints":{"allow":["GET"]}}],"collection":[{"href":"https:\/\/jms.com.bo\/mediamonitorbo\/wp-json\/wp\/v2\/posts"}],"about":[{"href":"https:\/\/jms.com.bo\/mediamonitorbo\/wp-json\/wp\/v2\/types\/post"}],"author":[{"embeddable":true,"href":"https:\/\/jms.com.bo\/mediamonitorbo\/wp-json\/wp\/v2\/users\/1"}],"replies":[{"embeddable":true,"href":"https:\/\/jms.com.bo\/mediamonitorbo\/wp-json\/wp\/v2\/comments?post=1801"}],"version-history":[{"count":0,"href":"https:\/\/jms.com.bo\/mediamonitorbo\/wp-json\/wp\/v2\/posts\/1801\/revisions"}],"wp:featuredmedia":[{"embeddable":true,"href":"https:\/\/jms.com.bo\/mediamonitorbo\/wp-json\/wp\/v2\/media\/1802"}],"wp:attachment":[{"href":"https:\/\/jms.com.bo\/mediamonitorbo\/wp-json\/wp\/v2\/media?parent=1801"}],"wp:term":[{"taxonomy":"category","embeddable":true,"href":"https:\/\/jms.com.bo\/mediamonitorbo\/wp-json\/wp\/v2\/categories?post=1801"},{"taxonomy":"post_tag","embeddable":true,"href":"https:\/\/jms.com.bo\/mediamonitorbo\/wp-json\/wp\/v2\/tags?post=1801"}],"curies":[{"name":"wp","href":"https:\/\/api.w.org\/{rel}","templated":true}]}}