{"id":1834,"date":"2025-02-03T07:13:42","date_gmt":"2025-02-03T11:13:42","guid":{"rendered":"https:\/\/jms.com.bo\/mediamonitorbo\/2025\/02\/03\/fracasa-el-dialogo-y-transportistas-confirman-paro-desde-el-inicio-de-clases\/"},"modified":"2025-02-03T07:13:42","modified_gmt":"2025-02-03T11:13:42","slug":"fracasa-el-dialogo-y-transportistas-confirman-paro-desde-el-inicio-de-clases","status":"publish","type":"post","link":"https:\/\/jms.com.bo\/mediamonitorbo\/2025\/02\/03\/fracasa-el-dialogo-y-transportistas-confirman-paro-desde-el-inicio-de-clases\/","title":{"rendered":"Fracasa el di\u00e1logo y transportistas confirman paro desde el inicio de clases"},"content":{"rendered":"<p>El di\u00e1logo entre el Gobierno Municipal de la capital cruce\u00f1a y los transportistas se rompi\u00f3 luego de que no se lograra un acuerdo sobre el ajuste de tarifas. Ante la falta de consenso, el Sindicato Santa Cruz ratific\u00f3 el paro de transporte a partir de este lunes, coincidiendo con el inicio del a\u00f1o escolar.<br \/>\nLos dirigentes del sector confirmaron la medida al abandonar la reuni\u00f3n. Insisten en que la protesta responde a la falta de respuesta de las autoridades a sus demandas. \u201cDesde ma\u00f1ana (lunes 3 de febrero) hay paro. Ya lo determinamos\u201d, confirm\u00f3 Ronald Garc\u00eda, representante del sector.<br \/>\nEn la misma l\u00ednea, Segundo Ricalde, tambi\u00e9n dirigente del transporte urbano, confirm\u00f3 la medida. \u201cSe ratifica el paro desde las cero horas de este lunes. No hay transporte, es un paro indefinido\u201d, manifest\u00f3 al pedir compresi\u00f3n a la poblaci\u00f3n. Se\u00f1al\u00f3 que la medida ser\u00e1 acatada por todos los sindicatos, descartando la versi\u00f3n del municipio.<br \/>\nPor su parte, Bernardo Montenegro, vocero del Ejecutivo municipal, responsabiliz\u00f3 al sector de acatar la extrema medida sin antes agotar el di\u00e1logo. \u201cEl municipio no ha roto el di\u00e1logo es el Sindicato Santa Cruz, que ha anunciado que va con el paro, una medida que va perjudicar a toda la poblaci\u00f3n, puesto que ma\u00f1ana se retorna a clases. Queremos responsabilizar a este sindicato por cualquier situaci\u00f3n o accidente que se vaya a dar ante las medidas que tomen como sector\u201d, se\u00f1al\u00f3 en conferencia de prensa.<br \/>\nDe acuerdo con Montenegro, el municipio ha tenido toda la predisposici\u00f3n de escucharlos y llegar a un acuerdo, pero las negociaciones se trabaron porque se les pidi\u00f3 que cumplan con las normativas, tributen en Santa Cruz de la Sierra y que mejoren las condiciones de sus unidades, antes de analizar cualquier nivelaci\u00f3n en la tarifa. Los transportistas han venido pidiendo un ajuste de Bs 2 a Bs 2,50 en el costo del pasaje.<br \/>\nMontenegro pidi\u00f3 a la Polic\u00eda las garant\u00edas necesarias para que las unidades que quieran prestar servicio este lunes, pueden hacerlo.<br \/>\nInsisti\u00f3 en que la dirigencia del sector \u201cquer\u00eda imponer una tarifa, sin las adecuaciones que se les pidi\u00f3, lo que llev\u00f3 a truncar las negociaciones. \u201cLa tozudez de este sindicato ha llevado a la ruptura del di\u00e1logo\u201d, manifest\u00f3.<\/p>\n","protected":false},"excerpt":{"rendered":"<p>El di\u00e1logo entre el Gobierno Municipal de la capital cruce\u00f1a y los transportistas se rompi\u00f3 luego de que no se lograra un acuerdo sobre el ajuste de tarifas. Ante la falta de consenso, el Sindicato Santa Cruz ratific\u00f3 el paro de transporte a partir de este lunes, coincidiendo con el inicio del a\u00f1o escolar. Los [&hellip;]<\/p>\n","protected":false},"author":1,"featured_media":1835,"comment_status":"","ping_status":"open","sticky":false,"template":"","format":"standard","meta":{"pagelayer_contact_templates":[],"_pagelayer_content":"","footnotes":""},"categories":[22],"tags":[],"class_list":{"0":"post-1834","1":"post","2":"type-post","3":"status-publish","4":"format-standard","5":"has-post-thumbnail","7":"category-social"},"_links":{"self":[{"href":"https:\/\/jms.com.bo\/mediamonitorbo\/wp-json\/wp\/v2\/posts\/1834","targetHints":{"allow":["GET"]}}],"collection":[{"href":"https:\/\/jms.com.bo\/mediamonitorbo\/wp-json\/wp\/v2\/posts"}],"about":[{"href":"https:\/\/jms.com.bo\/mediamonitorbo\/wp-json\/wp\/v2\/types\/post"}],"author":[{"embeddable":true,"href":"https:\/\/jms.com.bo\/mediamonitorbo\/wp-json\/wp\/v2\/users\/1"}],"replies":[{"embeddable":true,"href":"https:\/\/jms.com.bo\/mediamonitorbo\/wp-json\/wp\/v2\/comments?post=1834"}],"version-history":[{"count":0,"href":"https:\/\/jms.com.bo\/mediamonitorbo\/wp-json\/wp\/v2\/posts\/1834\/revisions"}],"wp:featuredmedia":[{"embeddable":true,"href":"https:\/\/jms.com.bo\/mediamonitorbo\/wp-json\/wp\/v2\/media\/1835"}],"wp:attachment":[{"href":"https:\/\/jms.com.bo\/mediamonitorbo\/wp-json\/wp\/v2\/media?parent=1834"}],"wp:term":[{"taxonomy":"category","embeddable":true,"href":"https:\/\/jms.com.bo\/mediamonitorbo\/wp-json\/wp\/v2\/categories?post=1834"},{"taxonomy":"post_tag","embeddable":true,"href":"https:\/\/jms.com.bo\/mediamonitorbo\/wp-json\/wp\/v2\/tags?post=1834"}],"curies":[{"name":"wp","href":"https:\/\/api.w.org\/{rel}","templated":true}]}}