{"id":1836,"date":"2025-02-03T07:12:23","date_gmt":"2025-02-03T11:12:23","guid":{"rendered":"https:\/\/jms.com.bo\/mediamonitorbo\/2025\/02\/03\/crecen-las-quejas-por-un-monopolio-estatal-de-facto-en-la-aviacion-comercial\/"},"modified":"2025-02-03T07:12:23","modified_gmt":"2025-02-03T11:12:23","slug":"crecen-las-quejas-por-un-monopolio-estatal-de-facto-en-la-aviacion-comercial","status":"publish","type":"post","link":"https:\/\/jms.com.bo\/mediamonitorbo\/2025\/02\/03\/crecen-las-quejas-por-un-monopolio-estatal-de-facto-en-la-aviacion-comercial\/","title":{"rendered":"Crecen las quejas por un monopolio estatal \u201cde facto\u201d en la aviaci\u00f3n comercial"},"content":{"rendered":"<p>Las recurrentes demoras e incidentes con los aviones de la aerol\u00ednea estatal Boliviana de Aviaci\u00f3n (BoA) derivaron en una creciente protesta de sectores privados y usuarios ante lo que consideran un monopolio \u201cde facto\u201d del Estado en la aviaci\u00f3n comercial dom\u00e9stica, algo que el Gobierno de Luis Arce niega.<br \/>\nEl incidente m\u00e1s reciente ocurri\u00f3 el lunes, cuando un vuelo que deb\u00eda partir desde la regi\u00f3n central de Cochabamba hacia la oriental Santa Cruz se cancel\u00f3 por un problema en uno de los motores del avi\u00f3n, aparentemente por un riesgo de incendio, lo que oblig\u00f3 a evacuar a los pasajeros mediante los toboganes de emergencia de la aeronave.<br \/>\nAdem\u00e1s, hay muchas quejas de los usuarios de BoA por demoras o cancelaciones de vuelos, p\u00e9rdida de equipaje, aviones que no llegan a despegar por fallas t\u00e9cnicas o aterrizajes turbulentos.<br \/>\nEl senador Erick Mor\u00f3n sugiri\u00f3 que \u201chay que eliminar el monopolio de BoA (Boliviana de Aviaci\u00f3n) en Bolivia\u201d.<br \/>\nEn su juicio, \u201cnecesitamos libre competencia para beneficio y seguridad de los bolivianos\u201d, public\u00f3 en la red social X.<br \/>\nDirigi\u00e9ndose a las autoridades del Gobierno, se\u00f1al\u00f3: \u201cSi no ayudan no estorben y dejen que los que saben operen en nuestro cielo\u201d.<\/p>\n","protected":false},"excerpt":{"rendered":"<p>Las recurrentes demoras e incidentes con los aviones de la aerol\u00ednea estatal Boliviana de Aviaci\u00f3n (BoA) derivaron en una creciente protesta de sectores privados y usuarios ante lo que consideran un monopolio \u201cde facto\u201d del Estado en la aviaci\u00f3n comercial dom\u00e9stica, algo que el Gobierno de Luis Arce niega. El incidente m\u00e1s reciente ocurri\u00f3 el [&hellip;]<\/p>\n","protected":false},"author":1,"featured_media":1837,"comment_status":"","ping_status":"open","sticky":false,"template":"","format":"standard","meta":{"pagelayer_contact_templates":[],"_pagelayer_content":"","footnotes":""},"categories":[22],"tags":[],"class_list":{"0":"post-1836","1":"post","2":"type-post","3":"status-publish","4":"format-standard","5":"has-post-thumbnail","7":"category-social"},"_links":{"self":[{"href":"https:\/\/jms.com.bo\/mediamonitorbo\/wp-json\/wp\/v2\/posts\/1836","targetHints":{"allow":["GET"]}}],"collection":[{"href":"https:\/\/jms.com.bo\/mediamonitorbo\/wp-json\/wp\/v2\/posts"}],"about":[{"href":"https:\/\/jms.com.bo\/mediamonitorbo\/wp-json\/wp\/v2\/types\/post"}],"author":[{"embeddable":true,"href":"https:\/\/jms.com.bo\/mediamonitorbo\/wp-json\/wp\/v2\/users\/1"}],"replies":[{"embeddable":true,"href":"https:\/\/jms.com.bo\/mediamonitorbo\/wp-json\/wp\/v2\/comments?post=1836"}],"version-history":[{"count":0,"href":"https:\/\/jms.com.bo\/mediamonitorbo\/wp-json\/wp\/v2\/posts\/1836\/revisions"}],"wp:featuredmedia":[{"embeddable":true,"href":"https:\/\/jms.com.bo\/mediamonitorbo\/wp-json\/wp\/v2\/media\/1837"}],"wp:attachment":[{"href":"https:\/\/jms.com.bo\/mediamonitorbo\/wp-json\/wp\/v2\/media?parent=1836"}],"wp:term":[{"taxonomy":"category","embeddable":true,"href":"https:\/\/jms.com.bo\/mediamonitorbo\/wp-json\/wp\/v2\/categories?post=1836"},{"taxonomy":"post_tag","embeddable":true,"href":"https:\/\/jms.com.bo\/mediamonitorbo\/wp-json\/wp\/v2\/tags?post=1836"}],"curies":[{"name":"wp","href":"https:\/\/api.w.org\/{rel}","templated":true}]}}