{"id":1838,"date":"2025-02-03T07:11:12","date_gmt":"2025-02-03T11:11:12","guid":{"rendered":"https:\/\/jms.com.bo\/mediamonitorbo\/2025\/02\/03\/el-paro-en-salud-se-extendera-por-cuarta-semana-debido-a-la-deuda-salarial\/"},"modified":"2025-02-03T07:11:12","modified_gmt":"2025-02-03T11:11:12","slug":"el-paro-en-salud-se-extendera-por-cuarta-semana-debido-a-la-deuda-salarial","status":"publish","type":"post","link":"https:\/\/jms.com.bo\/mediamonitorbo\/2025\/02\/03\/el-paro-en-salud-se-extendera-por-cuarta-semana-debido-a-la-deuda-salarial\/","title":{"rendered":"El paro en salud se extender\u00e1 por cuarta semana debido a la deuda salarial"},"content":{"rendered":"<p>Este viernes 31 de enero, los trabajadores del sector salud confirmaron que el paro continuar\u00e1 por una semana m\u00e1s, desde el lunes 3 de febrero, sumando as\u00ed cuatro semanas consecutivas sin atenci\u00f3n regular en hospitales y centros de salud del departamento.<br \/>\nLa medida, que afecta la atenci\u00f3n en hospitales de primer, segundo y tercer nivel, se debe a la falta de pago de los salarios de diciembre por parte de la Alcald\u00eda y la Gobernaci\u00f3n, especialmente en las provincias.<br \/>\nRobert Hurtado, m\u00e1ximo dirigente de la Federaci\u00f3n de Trabajadores de Salud, denunci\u00f3 que las autoridades incumplieron los compromisos asumidos. \u201cSe han burlado de los trabajadores, de la Defensor\u00eda del Pueblo y de la Direcci\u00f3n del Trabajo. No han cancelado el 100% del mes de diciembre; en las provincias no pagaron a nadie\u201d, reclam\u00f3 Hurtado, enfatizando que solo algunos empleados han recibido parte de sus sueldos raz\u00f3n que los llevo a levantar la huelga.<br \/>\nEl paro, que comenz\u00f3 el pasado 13 de enero, ha dejado suspendidas las consultas externas, ex\u00e1menes de laboratorio y cirug\u00edas programadas, manteni\u00e9ndose solo la atenci\u00f3n de emergencias.<br \/>\nHurtado agreg\u00f3: \u201cNos dijeron que pagar\u00edan diciembre y enero juntos, pero solo cumplieron con una parte\u201d.<br \/>\nAunque se determin\u00f3 extender el paro por una semana m\u00e1s, el martes se evaluar\u00e1 un posible cuarto intermedio, dependiendo de si la Gobernaci\u00f3n realiza los pagos pendientes.<br \/>\n\u201cNo es posible, este a\u00f1o ni un solo d\u00eda han atendido, venimos peregrinando para la reprogramaci\u00f3n y hasta ahora nada. Los enfermos necesitamos atenci\u00f3n\u201d, indic\u00f3 Sebastian Melgar, quien acudi\u00f3 al hospital de la Villa primero de Mayo donde buscaba ser atendido.<br \/>\nAdem\u00e1s del paro, los salubristas han protagonizado marchas y vigilias en la gobernaci\u00f3n y la Quinta Municipal.<\/p>\n","protected":false},"excerpt":{"rendered":"<p>Este viernes 31 de enero, los trabajadores del sector salud confirmaron que el paro continuar\u00e1 por una semana m\u00e1s, desde el lunes 3 de febrero, sumando as\u00ed cuatro semanas consecutivas sin atenci\u00f3n regular en hospitales y centros de salud del departamento. La medida, que afecta la atenci\u00f3n en hospitales de primer, segundo y tercer nivel, [&hellip;]<\/p>\n","protected":false},"author":1,"featured_media":1839,"comment_status":"","ping_status":"open","sticky":false,"template":"","format":"standard","meta":{"pagelayer_contact_templates":[],"_pagelayer_content":"","footnotes":""},"categories":[22],"tags":[],"class_list":{"0":"post-1838","1":"post","2":"type-post","3":"status-publish","4":"format-standard","5":"has-post-thumbnail","7":"category-social"},"_links":{"self":[{"href":"https:\/\/jms.com.bo\/mediamonitorbo\/wp-json\/wp\/v2\/posts\/1838","targetHints":{"allow":["GET"]}}],"collection":[{"href":"https:\/\/jms.com.bo\/mediamonitorbo\/wp-json\/wp\/v2\/posts"}],"about":[{"href":"https:\/\/jms.com.bo\/mediamonitorbo\/wp-json\/wp\/v2\/types\/post"}],"author":[{"embeddable":true,"href":"https:\/\/jms.com.bo\/mediamonitorbo\/wp-json\/wp\/v2\/users\/1"}],"replies":[{"embeddable":true,"href":"https:\/\/jms.com.bo\/mediamonitorbo\/wp-json\/wp\/v2\/comments?post=1838"}],"version-history":[{"count":0,"href":"https:\/\/jms.com.bo\/mediamonitorbo\/wp-json\/wp\/v2\/posts\/1838\/revisions"}],"wp:featuredmedia":[{"embeddable":true,"href":"https:\/\/jms.com.bo\/mediamonitorbo\/wp-json\/wp\/v2\/media\/1839"}],"wp:attachment":[{"href":"https:\/\/jms.com.bo\/mediamonitorbo\/wp-json\/wp\/v2\/media?parent=1838"}],"wp:term":[{"taxonomy":"category","embeddable":true,"href":"https:\/\/jms.com.bo\/mediamonitorbo\/wp-json\/wp\/v2\/categories?post=1838"},{"taxonomy":"post_tag","embeddable":true,"href":"https:\/\/jms.com.bo\/mediamonitorbo\/wp-json\/wp\/v2\/tags?post=1838"}],"curies":[{"name":"wp","href":"https:\/\/api.w.org\/{rel}","templated":true}]}}