{"id":184,"date":"2025-01-30T06:56:04","date_gmt":"2025-01-30T10:56:04","guid":{"rendered":"https:\/\/jms.com.bo\/mediamonitorbo\/2025\/01\/30\/silva-acusa-a-los-empresarios-del-alza-de-precios\/"},"modified":"2025-01-30T06:56:04","modified_gmt":"2025-01-30T10:56:04","slug":"silva-acusa-a-los-empresarios-del-alza-de-precios","status":"publish","type":"post","link":"https:\/\/jms.com.bo\/mediamonitorbo\/2025\/01\/30\/silva-acusa-a-los-empresarios-del-alza-de-precios\/","title":{"rendered":"Silva acusa a los empresarios del alza de precios"},"content":{"rendered":"<p>El viceministro de Defensa del Consumidor, Jorge Silva, asever\u00f3 ayer que \u201cempresarios pol\u00edticos\u201d son los causantes del incremento de precios, con el objetivo de generar molestia en la poblaci\u00f3n con la econom\u00eda actual y que as\u00ed retorne el neoliberalismo.<br \/>\n\u201cLos empresarios pol\u00edticos est\u00e1n incrementando los precios de los productos con la finalidad de generar una molestia y un rechazo por parte de la poblaci\u00f3n, que actualmente lo tenemos. Si salimos a los mercados o a las calles, la gente protesta porque se han incrementado los precios de los productos. \u00bfQui\u00e9nes han incrementado? Son los empresarios pol\u00edticos\u201d, sostuvo.<br \/>\nSeg\u00fan Silva, estos empresarios est\u00e1n militando con pol\u00edticos que promueven ideas neoliberales de menor intervenci\u00f3n del Estado en la econom\u00eda y cierre de empresas p\u00fablicas.<br \/>\nSostuvo que los empresarios utilizan la falta de divisas y los bloqueos como excusas para aumentar los precios, pero no transparentan sus costos. En ese marco, el Viceministro se\u00f1al\u00f3 que los precios actuales en el mercado son especulativos.<\/p>\n","protected":false},"excerpt":{"rendered":"<p>El viceministro de Defensa del Consumidor, Jorge Silva, asever\u00f3 ayer que \u201cempresarios pol\u00edticos\u201d son los causantes del incremento de precios, con el objetivo de generar molestia en la poblaci\u00f3n con la econom\u00eda actual y que as\u00ed retorne el neoliberalismo. \u201cLos empresarios pol\u00edticos est\u00e1n incrementando los precios de los productos con la finalidad de generar una [&hellip;]<\/p>\n","protected":false},"author":1,"featured_media":185,"comment_status":"","ping_status":"open","sticky":false,"template":"","format":"standard","meta":{"pagelayer_contact_templates":[],"_pagelayer_content":"","footnotes":""},"categories":[19,29,24],"tags":[],"class_list":{"0":"post-184","1":"post","2":"type-post","3":"status-publish","4":"format-standard","5":"has-post-thumbnail","7":"category-economia","8":"category-portada-economia","9":"category-portada-general-sitio"},"_links":{"self":[{"href":"https:\/\/jms.com.bo\/mediamonitorbo\/wp-json\/wp\/v2\/posts\/184","targetHints":{"allow":["GET"]}}],"collection":[{"href":"https:\/\/jms.com.bo\/mediamonitorbo\/wp-json\/wp\/v2\/posts"}],"about":[{"href":"https:\/\/jms.com.bo\/mediamonitorbo\/wp-json\/wp\/v2\/types\/post"}],"author":[{"embeddable":true,"href":"https:\/\/jms.com.bo\/mediamonitorbo\/wp-json\/wp\/v2\/users\/1"}],"replies":[{"embeddable":true,"href":"https:\/\/jms.com.bo\/mediamonitorbo\/wp-json\/wp\/v2\/comments?post=184"}],"version-history":[{"count":0,"href":"https:\/\/jms.com.bo\/mediamonitorbo\/wp-json\/wp\/v2\/posts\/184\/revisions"}],"wp:featuredmedia":[{"embeddable":true,"href":"https:\/\/jms.com.bo\/mediamonitorbo\/wp-json\/wp\/v2\/media\/185"}],"wp:attachment":[{"href":"https:\/\/jms.com.bo\/mediamonitorbo\/wp-json\/wp\/v2\/media?parent=184"}],"wp:term":[{"taxonomy":"category","embeddable":true,"href":"https:\/\/jms.com.bo\/mediamonitorbo\/wp-json\/wp\/v2\/categories?post=184"},{"taxonomy":"post_tag","embeddable":true,"href":"https:\/\/jms.com.bo\/mediamonitorbo\/wp-json\/wp\/v2\/tags?post=184"}],"curies":[{"name":"wp","href":"https:\/\/api.w.org\/{rel}","templated":true}]}}