{"id":1840,"date":"2025-02-03T07:10:04","date_gmt":"2025-02-03T11:10:04","guid":{"rendered":"https:\/\/jms.com.bo\/mediamonitorbo\/2025\/02\/03\/gobierno-asegura-que-alza-en-el-precio-de-la-carne-de-res-es-temporal-y-derivado-del-efecto-de-las-lluvias\/"},"modified":"2025-02-03T07:10:04","modified_gmt":"2025-02-03T11:10:04","slug":"gobierno-asegura-que-alza-en-el-precio-de-la-carne-de-res-es-temporal-y-derivado-del-efecto-de-las-lluvias","status":"publish","type":"post","link":"https:\/\/jms.com.bo\/mediamonitorbo\/2025\/02\/03\/gobierno-asegura-que-alza-en-el-precio-de-la-carne-de-res-es-temporal-y-derivado-del-efecto-de-las-lluvias\/","title":{"rendered":"Gobierno asegura que alza en el precio de la carne de res es temporal y derivado del efecto de las lluvias"},"content":{"rendered":"<p>Las intensas lluvias anegaron caminos en Santa Cruz y Beni, lo que impidi\u00f3 el traslado de ganado a los centros de faeno y la reducci\u00f3n de la oferta de carne en los centros de abasto con el consiguiente incremento temporal en su precio, afirm\u00f3 el viceministro de Log\u00edstica y Comercio Interno, Grover Lacoa.<br \/>\n\u201cTenemos intensas lluvias en todo el pa\u00eds, esto ha hecho que los caminos, particularmente en el oriente del pa\u00eds, en Beni y en Santa Cruz, se aneguen y estamos teniendo problemas para evacuar el ganado en pie -que est\u00e1 engordando en los predios ganaderos- hacia los centros de faeneo\u201d, explic\u00f3 en Radio Panamericana.<br \/>\nEn consecuencia, se redujo la oferta de carne de res en el mercado y provoc\u00f3 un incremento en su precio.<br \/>\nNo obstante, Lacoa afirm\u00f3 que, \u201cafortunadamente, es un tema coyuntural y no estructural\u201d, por lo que en los siguientes d\u00edas el problema ser\u00e1 superado y la oferta de carne volver\u00e1 a su normalidad, al igual que el precio.<br \/>\nEse hecho fue evaluado en esta jornada por Lacoa y los principales ejecutivos de la Confederaci\u00f3n Nacional de Ganaderos de Bolivia (Congabol), de la Federaci\u00f3n de Ganaderos de Santa Cruz (Fegasacruz) y los representantes de las empresas frigor\u00edficas del pa\u00eds.<br \/>\n\u201cHemos entrado en un cuarto intermedio, porque hay varias tareas que nos hemos delegado para, justamente, ver esta situaci\u00f3n, de forma tal de restablecer el equilibrio en cuanto al abastecimiento de la carne en el mercado local y que los precios se estabilicen\u201d, afirm\u00f3.<br \/>\nDe inicio, con Fegasacruz se acord\u00f3 un mayor control de los intermediarios para impedir que la carne de res sea orientada a Per\u00fa y Argentina, donde el precio es m\u00e1s alto.<br \/>\nFrente al reclamo de los comercializadores de carne de que no hay el producto porque se lo exporta, Lacoa explic\u00f3 que no se est\u00e1n realizando exportaciones porque no se autoriz\u00f3 ninguna venta a\u00fan para este 2025.<br \/>\nRecord\u00f3, adem\u00e1s, que el pa\u00eds produce cerca de 350.000 toneladas de carne por a\u00f1o, de las que ni el 10% se exporta.<\/p>\n","protected":false},"excerpt":{"rendered":"<p>Las intensas lluvias anegaron caminos en Santa Cruz y Beni, lo que impidi\u00f3 el traslado de ganado a los centros de faeno y la reducci\u00f3n de la oferta de carne en los centros de abasto con el consiguiente incremento temporal en su precio, afirm\u00f3 el viceministro de Log\u00edstica y Comercio Interno, Grover Lacoa. \u201cTenemos intensas [&hellip;]<\/p>\n","protected":false},"author":1,"featured_media":1841,"comment_status":"","ping_status":"open","sticky":false,"template":"","format":"standard","meta":{"pagelayer_contact_templates":[],"_pagelayer_content":"","footnotes":""},"categories":[26],"tags":[],"class_list":{"0":"post-1840","1":"post","2":"type-post","3":"status-publish","4":"format-standard","5":"has-post-thumbnail","7":"category-alimentos-y-agroindustria"},"_links":{"self":[{"href":"https:\/\/jms.com.bo\/mediamonitorbo\/wp-json\/wp\/v2\/posts\/1840","targetHints":{"allow":["GET"]}}],"collection":[{"href":"https:\/\/jms.com.bo\/mediamonitorbo\/wp-json\/wp\/v2\/posts"}],"about":[{"href":"https:\/\/jms.com.bo\/mediamonitorbo\/wp-json\/wp\/v2\/types\/post"}],"author":[{"embeddable":true,"href":"https:\/\/jms.com.bo\/mediamonitorbo\/wp-json\/wp\/v2\/users\/1"}],"replies":[{"embeddable":true,"href":"https:\/\/jms.com.bo\/mediamonitorbo\/wp-json\/wp\/v2\/comments?post=1840"}],"version-history":[{"count":0,"href":"https:\/\/jms.com.bo\/mediamonitorbo\/wp-json\/wp\/v2\/posts\/1840\/revisions"}],"wp:featuredmedia":[{"embeddable":true,"href":"https:\/\/jms.com.bo\/mediamonitorbo\/wp-json\/wp\/v2\/media\/1841"}],"wp:attachment":[{"href":"https:\/\/jms.com.bo\/mediamonitorbo\/wp-json\/wp\/v2\/media?parent=1840"}],"wp:term":[{"taxonomy":"category","embeddable":true,"href":"https:\/\/jms.com.bo\/mediamonitorbo\/wp-json\/wp\/v2\/categories?post=1840"},{"taxonomy":"post_tag","embeddable":true,"href":"https:\/\/jms.com.bo\/mediamonitorbo\/wp-json\/wp\/v2\/tags?post=1840"}],"curies":[{"name":"wp","href":"https:\/\/api.w.org\/{rel}","templated":true}]}}