{"id":186,"date":"2025-01-30T06:54:43","date_gmt":"2025-01-30T10:54:43","guid":{"rendered":"https:\/\/jms.com.bo\/mediamonitorbo\/2025\/01\/30\/bolivia-esta-en-la-sala-de-emergencias-urgen-ajustes-economicos\/"},"modified":"2025-01-30T06:54:43","modified_gmt":"2025-01-30T10:54:43","slug":"bolivia-esta-en-la-sala-de-emergencias-urgen-ajustes-economicos","status":"publish","type":"post","link":"https:\/\/jms.com.bo\/mediamonitorbo\/2025\/01\/30\/bolivia-esta-en-la-sala-de-emergencias-urgen-ajustes-economicos\/","title":{"rendered":"\u2018Bolivia est\u00e1 en la sala de emergencias\u2019: Urgen ajustes econ\u00f3micos"},"content":{"rendered":"<p>La econom\u00eda boliviana atraviesa una crisis evidente que requiere ajustes econ\u00f3micos urgentes para evitar un mayor deterioro. En una reciente entrevista en el programa \u00abPiedra, papel y tinta\u00bb, conducido por Claudia Benavente, los expertos Lourdes Montero y Jaime Dunn expusieron sus perspectivas sobre el ajuste econ\u00f3mico necesario y las alternativas para estabilizar el pa\u00eds antes de las elecciones generales de 2025.<br \/>\nUn ajuste inevitable, pero con matices<br \/>\nDurante el debate, Montero advirti\u00f3 sobre los riesgos de aplicar un ajuste econ\u00f3mico sin un an\u00e1lisis profundo. \u00abSabemos que los ajustes siempre traen ganadores y perdedores. Si se aplican de manera dr\u00e1stica, las consecuencias pueden ser devastadoras, especialmente para los sectores m\u00e1s vulnerables\u00bb, enfatiz\u00f3. Adem\u00e1s, se\u00f1al\u00f3 que la actual estrategia del gobierno de posponer decisiones clave solo agrava la situaci\u00f3n.<br \/>\nPor su parte, Dunn afirm\u00f3 que la falta de acci\u00f3n tambi\u00e9n genera sufrimiento econ\u00f3mico. \u00abEl empobrecimiento de la poblaci\u00f3n ya est\u00e1 en marcha. Hoy los bolivianos son un 40% m\u00e1s pobres que hace 18 meses\u00bb, advirti\u00f3. Seg\u00fan el economista, la ausencia de ajustes estructurales profundiza la crisis y aumenta la inflaci\u00f3n.<br \/>\nClaves del ajuste econ\u00f3mico<br \/>\nEntre los aspectos fundamentales para un ajuste eficiente, Montero destac\u00f3:<br \/>\nEvitar medidas extremas que perjudiquen a los m\u00e1s vulnerables.<br \/>\nPriorizar pol\u00edticas que garanticen estabilidad sin afectar la calidad de vida de los ciudadanos.<br \/>\nControlar la inflaci\u00f3n sin recurrir a medidas populistas.<br \/>\nDunn, en tanto, compar\u00f3 la econom\u00eda con un paciente grave que necesita atenci\u00f3n inmediata. \u00abSi no se toman decisiones ahora, el dolor ser\u00e1 mayor en el futuro. Hay que actuar con inteligencia y rapidez para estabilizar la situaci\u00f3n\u00bb, asegur\u00f3.<br \/>\nEl rol del Estado en la econom\u00eda<br \/>\nOtro punto clave del debate fue la regulaci\u00f3n estatal. Dunn consider\u00f3 que una regulaci\u00f3n excesiva puede ser perjudicial. \u00abUn mercado libre tambi\u00e9n requiere regulaci\u00f3n, pero debe ser inteligente. Bolivia tiene normativas que frenan la innovaci\u00f3n y afectan la productividad\u00bb, indic\u00f3.<br \/>\nMontero, en cambio, abog\u00f3 por un Estado presente en sectores estrat\u00e9gicos. \u00abReducir la burocracia no es la soluci\u00f3n definitiva, ya que solo representa el 8% del gasto. Necesitamos un debate profundo sobre el rol del Estado en industrias clave como los hidrocarburos, el litio y la miner\u00eda\u00bb, argument\u00f3.<br \/>\nPerspectivas hacia 2025<br \/>\nDe cara a las elecciones generales, el ajuste econ\u00f3mico se perfila como un tema central en el debate p\u00fablico. Ambos expertos coincidieron en la urgencia de tomar medidas para evitar un colapso mayor, aunque con enfoques distintos. Mientras Dunn apuesta por una regulaci\u00f3n flexible que fomente la inversi\u00f3n y el crecimiento, Montero insiste en una estrategia de ajuste cuidadoso que evite da\u00f1os sociales irreversibles.<br \/>\nEl pr\u00f3ximo gobierno enfrentar\u00e1 el reto de implementar reformas efectivas sin agravar la crisis. La decisi\u00f3n que se tome en los pr\u00f3ximos meses determinar\u00e1 el futuro econ\u00f3mico del pa\u00eds.<\/p>\n","protected":false},"excerpt":{"rendered":"<p>La econom\u00eda boliviana atraviesa una crisis evidente que requiere ajustes econ\u00f3micos urgentes para evitar un mayor deterioro. En una reciente entrevista en el programa \u00abPiedra, papel y tinta\u00bb, conducido por Claudia Benavente, los expertos Lourdes Montero y Jaime Dunn expusieron sus perspectivas sobre el ajuste econ\u00f3mico necesario y las alternativas para estabilizar el pa\u00eds antes [&hellip;]<\/p>\n","protected":false},"author":1,"featured_media":187,"comment_status":"","ping_status":"open","sticky":false,"template":"","format":"standard","meta":{"pagelayer_contact_templates":[],"_pagelayer_content":"","footnotes":""},"categories":[19],"tags":[],"class_list":{"0":"post-186","1":"post","2":"type-post","3":"status-publish","4":"format-standard","5":"has-post-thumbnail","7":"category-economia"},"_links":{"self":[{"href":"https:\/\/jms.com.bo\/mediamonitorbo\/wp-json\/wp\/v2\/posts\/186","targetHints":{"allow":["GET"]}}],"collection":[{"href":"https:\/\/jms.com.bo\/mediamonitorbo\/wp-json\/wp\/v2\/posts"}],"about":[{"href":"https:\/\/jms.com.bo\/mediamonitorbo\/wp-json\/wp\/v2\/types\/post"}],"author":[{"embeddable":true,"href":"https:\/\/jms.com.bo\/mediamonitorbo\/wp-json\/wp\/v2\/users\/1"}],"replies":[{"embeddable":true,"href":"https:\/\/jms.com.bo\/mediamonitorbo\/wp-json\/wp\/v2\/comments?post=186"}],"version-history":[{"count":0,"href":"https:\/\/jms.com.bo\/mediamonitorbo\/wp-json\/wp\/v2\/posts\/186\/revisions"}],"wp:featuredmedia":[{"embeddable":true,"href":"https:\/\/jms.com.bo\/mediamonitorbo\/wp-json\/wp\/v2\/media\/187"}],"wp:attachment":[{"href":"https:\/\/jms.com.bo\/mediamonitorbo\/wp-json\/wp\/v2\/media?parent=186"}],"wp:term":[{"taxonomy":"category","embeddable":true,"href":"https:\/\/jms.com.bo\/mediamonitorbo\/wp-json\/wp\/v2\/categories?post=186"},{"taxonomy":"post_tag","embeddable":true,"href":"https:\/\/jms.com.bo\/mediamonitorbo\/wp-json\/wp\/v2\/tags?post=186"}],"curies":[{"name":"wp","href":"https:\/\/api.w.org\/{rel}","templated":true}]}}